{"id":123684,"date":"2018-10-24T09:46:43","date_gmt":"2018-10-24T11:46:43","guid":{"rendered":"https:\/\/diarioregionaldigital.com.br\/?p=123684"},"modified":"2018-10-24T12:49:50","modified_gmt":"2018-10-24T14:49:50","slug":"diretor-do-tupi-futsal-e-afastado-apos-envolvimento-em-confronto-entre-policiais","status":"publish","type":"post","link":"https:\/\/diarioregionaldigital.com.br\/?p=123684","title":{"rendered":"Diretor do Tupi Futsal \u00e9 afastado ap\u00f3s envolvimento em confronto entre policiais"},"content":{"rendered":"<p>O diretor do Tupi Futsal Rafael Ramos, de 30 anos, Escriv\u00e3o da Policia Civil,\u00a0 foi autuado pelo crime de prevarica\u00e7\u00e3o junto com outros dois policiais civis de Juiz de Fora que estavam no local onde foi morto o policial mineiro Rodrigo Francisco, na \u00faltima sexta-feira, 19, em troca de tiros no estacionamento do Hospital Monte Sinai, envolvendo empres\u00e1rios, delegados e Policiais Civis de Juiz de Fora e S\u00e3o Paulo. \u00a0Rafael foi afastado do servi\u00e7o de rua.<\/p>\n<p>O Tupi Futsal do sub-20 entram em quadra no gin\u00e1sio do Sport Club Juiz de Fora de sexta ao domingo, 28, contra os times da Prefeitura de Nova Serrana, Prefeitura de Congonhas e Montes Claros TC. Segundo a assessoria do Futsal a equipe segue a programa\u00e7\u00e3o normal at\u00e9 o final da competi\u00e7\u00e3o. Ap\u00f3s a competi\u00e7\u00e3o o Tupi prefere n\u00e3o se pronunciar sobre o calend\u00e1rio da equipe Carij\u00f3.<\/p>\n<p><strong>Em nota o Carij\u00f3 se pronunciou: <\/strong><\/p>\n<p><em>\u201cO Tupi Futsal vem por meio deste se manifestar a respeito dos \u00faltimos acontecimentos envolvendo o diretor do projeto, Rafael Ramos dos Santos, no caso ocorrido na \u00faltima sexta-feira (19\/10) no Hospital Monte Sinai, em Juiz de Fora. Desde ent\u00e3o, o diretor est\u00e1 afastado do cargo por tempo indeterminado. <\/em><\/p>\n<p><em>Informamos que o planejamento das atividades e competi\u00e7\u00f5es seguem inalterados. O Quadrangular Semifinal do Campeonato Mineiro Sub-20, a ser realizado nos dias 26, 27 e 28 de outubro em Juiz de Fora, est\u00e1 confirmado.<\/em><\/p>\n<p><em>Reiteramos que as diretorias do Tupi Futsal e do Tupi Football Club trabalham de forma separada, estando o clube isento de qualquer rela\u00e7\u00e3o com o caso. <\/em><\/p>\n<p><em>O Tupi Futsal espera que tudo seja resolvido da melhor maneira poss\u00edvel e que a verdade prevale\u00e7a ao final das investiga\u00e7\u00f5es.<\/em><\/p>\n<p><em>Atenciosamente, Assessoria Tupi Futsal\u201d<\/em><\/p>\n","protected":false},"excerpt":{"rendered":"<p>O diretor do Tupi Futsal Rafael Ramos, de 30 anos, Escriv\u00e3o da Policia Civil,\u00a0 foi autuado pelo crime de prevarica\u00e7\u00e3o junto com outros dois policiais civis de Juiz de Fora que estavam no local onde foi morto o policial mineiro Rodrigo Francisco, na \u00faltima sexta-feira, 19, em troca de tiros no estacionamento do Hospital Monte [&hellip;]<\/p>\n","protected":false},"author":96,"featured_media":123688,"comment_status":"closed","ping_status":"closed","sticky":false,"template":"","format":"standard","meta":{"footnotes":""},"categories":[436,440,257,439],"tags":[],"class_list":["post-123684","post","type-post","status-publish","format-standard","has-post-thumbnail","hentry","category-destaque-da-semana","category-destaques-do-dia","category-esporte","category-ultima-hora"],"_links":{"self":[{"href":"https:\/\/diarioregionaldigital.com.br\/index.php?rest_route=\/wp\/v2\/posts\/123684","targetHints":{"allow":["GET"]}}],"collection":[{"href":"https:\/\/diarioregionaldigital.com.br\/index.php?rest_route=\/wp\/v2\/posts"}],"about":[{"href":"https:\/\/diarioregionaldigital.com.br\/index.php?rest_route=\/wp\/v2\/types\/post"}],"author":[{"embeddable":true,"href":"https:\/\/diarioregionaldigital.com.br\/index.php?rest_route=\/wp\/v2\/users\/96"}],"replies":[{"embeddable":true,"href":"https:\/\/diarioregionaldigital.com.br\/index.php?rest_route=%2Fwp%2Fv2%2Fcomments&post=123684"}],"version-history":[{"count":0,"href":"https:\/\/diarioregionaldigital.com.br\/index.php?rest_route=\/wp\/v2\/posts\/123684\/revisions"}],"wp:featuredmedia":[{"embeddable":true,"href":"https:\/\/diarioregionaldigital.com.br\/index.php?rest_route=\/wp\/v2\/media\/123688"}],"wp:attachment":[{"href":"https:\/\/diarioregionaldigital.com.br\/index.php?rest_route=%2Fwp%2Fv2%2Fmedia&parent=123684"}],"wp:term":[{"taxonomy":"category","embeddable":true,"href":"https:\/\/diarioregionaldigital.com.br\/index.php?rest_route=%2Fwp%2Fv2%2Fcategories&post=123684"},{"taxonomy":"post_tag","embeddable":true,"href":"https:\/\/diarioregionaldigital.com.br\/index.php?rest_route=%2Fwp%2Fv2%2Ftags&post=123684"}],"curies":[{"name":"wp","href":"https:\/\/api.w.org\/{rel}","templated":true}]}}