{"id":123675,"date":"2018-10-24T10:29:50","date_gmt":"2018-10-24T12:29:50","guid":{"rendered":"https:\/\/diarioregionaldigital.com.br\/?p=123675"},"modified":"2018-10-24T10:29:50","modified_gmt":"2018-10-24T12:29:50","slug":"ibope-bolsonaro-tem-57-dos-votos-validos-e-haddad-43","status":"publish","type":"post","link":"https:\/\/diarioregionaldigital.com.br\/?p=123675","title":{"rendered":"Ibope: Bolsonaro tem 57% dos votos v\u00e1lidos e Haddad, 43%"},"content":{"rendered":"<p>Em nova pesquisa divulgada pelo Instituto Ibope, o candidato Jair Bolsonaro (PSL) manteve a lideran\u00e7a, com 57% dos votos v\u00e1lidos (excluindo brancos, nulos e as pessoas que se manifestaram indecisas), contra 43% de Fernando Haddad (PT). No levantamento anterior, realizado no dia\u00a015\u00a0de outubro, Bolsonaro havia registrado 59% e Haddad, 41% dos votos v\u00e1lidos. A margem de erro \u00e9 de dois\u00a0pontos percentuais.<\/p>\n<p>Quando inclusos brancos, nulos e indecisos, Bolsonaro caiu de 52% para 50% e Haddad se manteve em 37%. A diferen\u00e7a foi nos brancos e nulos, que passaram de 9% para 10%, e nos indecisos, que oscilaram de 2% para 3%.<\/p>\n<p>Na avalia\u00e7\u00e3o sobre a certeza da prefer\u00eancia pelos candidatos, os que com certeza votariam em Bolsonaro eram 41% no levantamento anterior e agora s\u00e3o 37%. Os entrevistados que poderiam votar se mantiveram em 11%. E os que n\u00e3o votariam de jeito nenhum sa\u00edram de 35% para 40%. As pessoas ouvidas que disseram n\u00e3o conhecer o presidenci\u00e1vel do PSL permaneceram em 11%, e os que n\u00e3o souberam ou n\u00e3o quiseram opinar ficaram em 2%.<\/p>\n<p>No caso de Haddad, os que manifestaram desejo de votar\u00a0eram 28% e agora s\u00e3o 31%. Os que poderiam votar oscilaram de 11% para 12%. As pessoas que n\u00e3o votariam de jeito nenhum ca\u00edram de 47% para 41%. E os que preferiram n\u00e3o opinar ficaram em 2%.<\/p>\n<p>A pesquisa entrevistou 3.010 pessoas nos dias 21 a 23 de outubro em 208 munic\u00edpios. O levantamento foi encomendado pela\u00a0<em>Rede Glob<\/em>o e o jornal\u00a0<em>O Estado de S. Paulo<\/em>. A pesquisa foi registrada na Justi\u00e7a Eleitoral com o n\u00famero\u00a0BR\u201007272\/2018.<\/p>\n<p><em>Fonte: Ag\u00eancia Brasil<\/em><\/p>\n","protected":false},"excerpt":{"rendered":"<p>Em nova pesquisa divulgada pelo Instituto Ibope, o candidato Jair Bolsonaro (PSL) manteve a lideran\u00e7a, com 57% dos votos v\u00e1lidos (excluindo brancos, nulos e as pessoas que se manifestaram indecisas), contra 43% de Fernando Haddad (PT). No levantamento anterior, realizado no dia\u00a015\u00a0de outubro, Bolsonaro havia registrado 59% e Haddad, 41% dos votos v\u00e1lidos. A margem [&hellip;]<\/p>\n","protected":false},"author":96,"featured_media":123362,"comment_status":"closed","ping_status":"closed","sticky":false,"template":"","format":"standard","meta":{"footnotes":""},"categories":[254,439],"tags":[],"class_list":["post-123675","post","type-post","status-publish","format-standard","has-post-thumbnail","hentry","category-politica","category-ultima-hora"],"_links":{"self":[{"href":"https:\/\/diarioregionaldigital.com.br\/index.php?rest_route=\/wp\/v2\/posts\/123675","targetHints":{"allow":["GET"]}}],"collection":[{"href":"https:\/\/diarioregionaldigital.com.br\/index.php?rest_route=\/wp\/v2\/posts"}],"about":[{"href":"https:\/\/diarioregionaldigital.com.br\/index.php?rest_route=\/wp\/v2\/types\/post"}],"author":[{"embeddable":true,"href":"https:\/\/diarioregionaldigital.com.br\/index.php?rest_route=\/wp\/v2\/users\/96"}],"replies":[{"embeddable":true,"href":"https:\/\/diarioregionaldigital.com.br\/index.php?rest_route=%2Fwp%2Fv2%2Fcomments&post=123675"}],"version-history":[{"count":0,"href":"https:\/\/diarioregionaldigital.com.br\/index.php?rest_route=\/wp\/v2\/posts\/123675\/revisions"}],"wp:featuredmedia":[{"embeddable":true,"href":"https:\/\/diarioregionaldigital.com.br\/index.php?rest_route=\/wp\/v2\/media\/123362"}],"wp:attachment":[{"href":"https:\/\/diarioregionaldigital.com.br\/index.php?rest_route=%2Fwp%2Fv2%2Fmedia&parent=123675"}],"wp:term":[{"taxonomy":"category","embeddable":true,"href":"https:\/\/diarioregionaldigital.com.br\/index.php?rest_route=%2Fwp%2Fv2%2Fcategories&post=123675"},{"taxonomy":"post_tag","embeddable":true,"href":"https:\/\/diarioregionaldigital.com.br\/index.php?rest_route=%2Fwp%2Fv2%2Ftags&post=123675"}],"curies":[{"name":"wp","href":"https:\/\/api.w.org\/{rel}","templated":true}]}}