{"id":123659,"date":"2018-10-24T08:49:38","date_gmt":"2018-10-24T10:49:38","guid":{"rendered":"https:\/\/diarioregionaldigital.com.br\/?p=123659"},"modified":"2018-10-24T08:49:38","modified_gmt":"2018-10-24T10:49:38","slug":"tres-pessoas-sao-vitimas-de-assalto-em-jf","status":"publish","type":"post","link":"https:\/\/diarioregionaldigital.com.br\/?p=123659","title":{"rendered":"Tr\u00eas pessoas s\u00e3o v\u00edtimas de assalto em JF"},"content":{"rendered":"<p>Tr\u00eas pessoas foram assaltadas em Juiz de Fora nessa ter\u00e7a-feira, 23. Um dos roubos aconteceu no bairro S\u00e3o Judas Tadeu, na zona Norte da cidade. Por volta das 10h, uma mulher, de 37 anos, passava pela Rua Waldir Martins de Oliveira quando foi abordada por um homem. Segundo ela, o indiv\u00edduo era moreno e usava um bon\u00e9 vermelho. Armado com um rev\u00f3lver, ele anunciou o assalto e, ap\u00f3s amea\u00e7as, conseguiu roubar o celular da v\u00edtima. Em seguida, fugiu no sentido ao bairro vizinho, Santa Cruz.<\/p>\n<p>Outro registro de assalto foi feito pela Pol\u00edcia Militar (PM) na Rua Bar\u00e3o do Retiro, no bairro Bonfim, regi\u00e3o Leste. Dois menores, de 16 e 17 anos, estavam no local, por volta das 22h30, quando foram surpreendidos por dois homens que, em tom amea\u00e7ador, anunciaram o assalto e determinaram que os adolescentes entregassem os celulares.<\/p>\n<p>As v\u00edtimas notaram um volume na cintura dos autores e acreditaram que os assaltantes estavam armados. Assustados, entregaram os celulares. Os homens fugiram assim que conseguiram os telefones e n\u00e3o foram encontrados pela PM.<\/p>\n<p>&nbsp;<\/p>\n<p>&nbsp;<\/p>\n","protected":false},"excerpt":{"rendered":"<p>Tr\u00eas pessoas foram assaltadas em Juiz de Fora nessa ter\u00e7a-feira, 23. Um dos roubos aconteceu no bairro S\u00e3o Judas Tadeu, na zona Norte da cidade. Por volta das 10h, uma mulher, de 37 anos, passava pela Rua Waldir Martins de Oliveira quando foi abordada por um homem. Segundo ela, o indiv\u00edduo era moreno e usava [&hellip;]<\/p>\n","protected":false},"author":96,"featured_media":97342,"comment_status":"closed","ping_status":"closed","sticky":false,"template":"","format":"standard","meta":{"footnotes":""},"categories":[301],"tags":[],"class_list":["post-123659","post","type-post","status-publish","format-standard","has-post-thumbnail","hentry","category-artigos-policiais"],"_links":{"self":[{"href":"https:\/\/diarioregionaldigital.com.br\/index.php?rest_route=\/wp\/v2\/posts\/123659","targetHints":{"allow":["GET"]}}],"collection":[{"href":"https:\/\/diarioregionaldigital.com.br\/index.php?rest_route=\/wp\/v2\/posts"}],"about":[{"href":"https:\/\/diarioregionaldigital.com.br\/index.php?rest_route=\/wp\/v2\/types\/post"}],"author":[{"embeddable":true,"href":"https:\/\/diarioregionaldigital.com.br\/index.php?rest_route=\/wp\/v2\/users\/96"}],"replies":[{"embeddable":true,"href":"https:\/\/diarioregionaldigital.com.br\/index.php?rest_route=%2Fwp%2Fv2%2Fcomments&post=123659"}],"version-history":[{"count":0,"href":"https:\/\/diarioregionaldigital.com.br\/index.php?rest_route=\/wp\/v2\/posts\/123659\/revisions"}],"wp:featuredmedia":[{"embeddable":true,"href":"https:\/\/diarioregionaldigital.com.br\/index.php?rest_route=\/wp\/v2\/media\/97342"}],"wp:attachment":[{"href":"https:\/\/diarioregionaldigital.com.br\/index.php?rest_route=%2Fwp%2Fv2%2Fmedia&parent=123659"}],"wp:term":[{"taxonomy":"category","embeddable":true,"href":"https:\/\/diarioregionaldigital.com.br\/index.php?rest_route=%2Fwp%2Fv2%2Fcategories&post=123659"},{"taxonomy":"post_tag","embeddable":true,"href":"https:\/\/diarioregionaldigital.com.br\/index.php?rest_route=%2Fwp%2Fv2%2Ftags&post=123659"}],"curies":[{"name":"wp","href":"https:\/\/api.w.org\/{rel}","templated":true}]}}