{"id":123642,"date":"2018-10-23T06:00:05","date_gmt":"2018-10-23T08:00:05","guid":{"rendered":"https:\/\/diarioregionaldigital.com.br\/?p=123642"},"modified":"2018-10-23T22:14:30","modified_gmt":"2018-10-24T00:14:30","slug":"eleicoes-do-novo-empresario-pode-vencer-politico-experiente-em-minas-gerais","status":"publish","type":"post","link":"https:\/\/diarioregionaldigital.com.br\/?p=123642","title":{"rendered":"Elei\u00e7\u00f5es do novo: empres\u00e1rio pode vencer pol\u00edtico experiente em Minas Gerais"},"content":{"rendered":"<p>As elei\u00e7\u00f5es de 2018 est\u00e3o sendo marcadas pelas \u201cnovidades\u201d, nas quais a maioria dos candidatos que foram eleitos ou que passaram para o segundo turno s\u00e3o desconhecidos no meio pol\u00edtico. No estado de Minas Gerais n\u00e3o \u00e9 diferente. Com 66% de chances de votos v\u00e1lidos, Romeu Zema (NOVO), ap\u00f3s ultrapassagem inesperada contra Fernando Pimentel (PT) no primeiro turno, lidera as pesquisas contra o candidato Antonio Anastasia (PSDB) para governador de Minas Gerais, de acordo com a pesquisa Ibope realizada na \u00faltima semana.<\/p>\n<p>Dono do bilion\u00e1rio Grupo Zema, rede de varejo de Minas Gerais, o candidato pelo Partido Novo, com um posicionamento contra as antigas pol\u00edticas, afirma em sua campanha que empres\u00e1rios devem ser mais participativos no governo.<\/p>\n<p>Para o cientista pol\u00edtico, Fernando Perlatto, este crescimento significativo de Zema est\u00e1 ligada ao novo fen\u00f4meno sobre a insatisfa\u00e7\u00e3o com o sistema pol\u00edtico. \u201cNo caso de Minas Gerais, existe um desgaste muito grande com o governo atual, o do Pimentel (PT), n\u00e3o s\u00f3 com aqueles que o opunham, mas com a sua pr\u00f3pria base eleitoral, pela falta de pagamentos e etc, e tamb\u00e9m pelo desgaste do PSDB [representado pelo Anastasia], refor\u00e7ando a busca de inova\u00e7\u00e3o pelos eleitores\u201d, pontuou.<\/p>\n<p>O outro fator que Perlatto acrescenta s\u00e3o sobre as participa\u00e7\u00f5es das redes sociais que foram cruciais para as decis\u00f5es do pleito eleitoral. Em destaque, o cientista pol\u00edtico diz que o aplicativo WhatsApp propagou tantas not\u00edcias, que nem os institutos de pesquisas e nem os meios de comunica\u00e7\u00e3o puderam acompanhar. Por \u00faltimo, o envolvimento do candidato, mesmo que impl\u00edcito, com a candidatura de Jair Bolsonaro (PSL), \u201co fen\u00f4meno que foi uma avalanche no Brasil inteiro, que traz o fator da novidade, mas principalmente, da anti-pol\u00edtica\u201d, destacou Fernando.<\/p>\n<p><strong>\u00a0<\/strong><\/p>\n<p><strong>Novos desafios <\/strong><\/p>\n<p>Independentemente de quem venha ganhar para governador de Minas Gerais, diante do caos que o estado est\u00e1 vivendo, sem repasse de verba para os munic\u00edpios, professores sem receber, e etc, o trabalho a ser feito \u00e9 longo. A prioridade est\u00e1 em todos os setores.<\/p>\n<p>Al\u00e9m das pautas espec\u00edficas, o cientista pol\u00edtico acredita que o maior desafio, n\u00e3o s\u00f3 do governador de Minas, mas de todos os estados, \u00e9 repactuar a sociedade e criar novamente novos caminhos de di\u00e1logos. \u201cSeja Zema ou Anastasia, eles precisam criar pontes de di\u00e1logo com setores da sociedade que eles n\u00e3o est\u00e3o dialogando. N\u00e3o h\u00e1 democracia quese sustente onde a possibilidade de di\u00e1logo n\u00e3o \u00e9 sequer almejada pelos atores pol\u00edticos\u201d, ressaltou Fernando Perlatto.<\/p>\n<p>&nbsp;<\/p>\n<p>&nbsp;<\/p>\n","protected":false},"excerpt":{"rendered":"<p>As elei\u00e7\u00f5es de 2018 est\u00e3o sendo marcadas pelas \u201cnovidades\u201d, nas quais a maioria dos candidatos que foram eleitos ou que passaram para o segundo turno s\u00e3o desconhecidos no meio pol\u00edtico. No estado de Minas Gerais n\u00e3o \u00e9 diferente. Com 66% de chances de votos v\u00e1lidos, Romeu Zema (NOVO), ap\u00f3s ultrapassagem inesperada contra Fernando Pimentel (PT) [&hellip;]<\/p>\n","protected":false},"author":96,"featured_media":123643,"comment_status":"closed","ping_status":"closed","sticky":false,"template":"","format":"standard","meta":{"footnotes":""},"categories":[253,436,440,439],"tags":[],"class_list":["post-123642","post","type-post","status-publish","format-standard","has-post-thumbnail","hentry","category-cidade","category-destaque-da-semana","category-destaques-do-dia","category-ultima-hora"],"_links":{"self":[{"href":"https:\/\/diarioregionaldigital.com.br\/index.php?rest_route=\/wp\/v2\/posts\/123642","targetHints":{"allow":["GET"]}}],"collection":[{"href":"https:\/\/diarioregionaldigital.com.br\/index.php?rest_route=\/wp\/v2\/posts"}],"about":[{"href":"https:\/\/diarioregionaldigital.com.br\/index.php?rest_route=\/wp\/v2\/types\/post"}],"author":[{"embeddable":true,"href":"https:\/\/diarioregionaldigital.com.br\/index.php?rest_route=\/wp\/v2\/users\/96"}],"replies":[{"embeddable":true,"href":"https:\/\/diarioregionaldigital.com.br\/index.php?rest_route=%2Fwp%2Fv2%2Fcomments&post=123642"}],"version-history":[{"count":0,"href":"https:\/\/diarioregionaldigital.com.br\/index.php?rest_route=\/wp\/v2\/posts\/123642\/revisions"}],"wp:featuredmedia":[{"embeddable":true,"href":"https:\/\/diarioregionaldigital.com.br\/index.php?rest_route=\/wp\/v2\/media\/123643"}],"wp:attachment":[{"href":"https:\/\/diarioregionaldigital.com.br\/index.php?rest_route=%2Fwp%2Fv2%2Fmedia&parent=123642"}],"wp:term":[{"taxonomy":"category","embeddable":true,"href":"https:\/\/diarioregionaldigital.com.br\/index.php?rest_route=%2Fwp%2Fv2%2Fcategories&post=123642"},{"taxonomy":"post_tag","embeddable":true,"href":"https:\/\/diarioregionaldigital.com.br\/index.php?rest_route=%2Fwp%2Fv2%2Ftags&post=123642"}],"curies":[{"name":"wp","href":"https:\/\/api.w.org\/{rel}","templated":true}]}}