{"id":123630,"date":"2018-10-24T06:00:08","date_gmt":"2018-10-24T08:00:08","guid":{"rendered":"https:\/\/diarioregionaldigital.com.br\/?p=123630"},"modified":"2018-10-23T22:52:51","modified_gmt":"2018-10-24T00:52:51","slug":"parabens-pra-voce","status":"publish","type":"post","link":"https:\/\/diarioregionaldigital.com.br\/?p=123630","title":{"rendered":"Parab\u00e9ns pra Voc\u00ea"},"content":{"rendered":"<p style=\"text-align: center;\"><strong>Front Produ\u00e7\u00f5es<\/strong><\/p>\n<p style=\"text-align: center;\">Uma das maiores vozes do Brasil e dono de dezenas de hits que marcam gera\u00e7\u00f5es pela nossa m\u00fasica, o cantor Lulu Santos vai aterrissar mais uma vez em Juiz de Fora. Com uma legi\u00e3o de f\u00e3s na cidade, ele vai apresentar a turn\u00ea \u201cCanta Lulu\u201d em espet\u00e1culo \u00fanico no dia 14 de novembro, \u00e0s 22h, no Terrazzo.<\/p>\n<p style=\"text-align: center;\"><strong>Em B\u00fazios<\/strong><\/p>\n<p style=\"text-align: center;\">Neuza Marsicano e Sarah Lucas participaram em B\u00fazios (RJ) da corrida XC Rum com quase cinco mil atletas participantes da maratona. A festa oficial do evento foi a (We B\u00fazios), no Privil\u00e9ge, com o bloco Carrossel de Emo\u00e7\u00f5es que deu uma agitada geral no povo bonito. Ap\u00f3s o show, bombou Nemer e Dj Marley com a festa DNA Privil\u00e9ge.<\/p>\n<p style=\"text-align: center;\"><strong>Arte<\/strong><\/p>\n<p style=\"text-align: center;\">Foi inaugurada em noite de pura arte na galeria do Forum da Cultura \u2013 UFJF, a mostra \u201cA Flor da Pele\u201d de Isabel Faceroli e Margarida Fernandes. Os trabalhos apresentam perspectivas pessoais expressas de forma pl\u00e1stica sobre poemas de Div\u00e2nia Schuenck, em sua obra de mesmo t\u00edtulo da coletiva.<\/p>\n<p style=\"text-align: center;\"><strong>Pacifica\u00e7\u00e3o J\u00e1!<\/strong><\/p>\n<p style=\"text-align: center;\">Se existe algo sem p\u00e9 nem cabe\u00e7a \u00e9 essa onda de rompimento entre amigos por causa de pol\u00edtica. Afinal, no Brasil nem o mais honesto dos pol\u00edticos est\u00e1 preocupado com o povo. Falei e disse!<\/p>\n<p style=\"text-align: center;\"><strong>Vermelho e preto<\/strong><\/p>\n<p style=\"text-align: center;\">Din\u00e2mico e atuante, H\u00e9lio Ferraz, advogado que j\u00e1 foi presidente do Flamengo, \u00e9 o novo vice-presidente de Rela\u00e7\u00f5es Externas do clube rubro negro.<\/p>\n<p style=\"text-align: center;\"><strong>Uni\u00e3o <\/strong><\/p>\n<p style=\"text-align: center;\">Olha s\u00f3: o casamento de Bruno Chateaubriand com o ga\u00facho Diogo Bocca, em B\u00fazios, come\u00e7a hoje com jantar e s\u00f3 termina domingo com um brunch. Dentre as madrinhas: Narcisa Tamborindeguy, Suza Pires e Daniele Hypolito. O ex-Andr\u00e9 Ramos n\u00e3o confirmou presen\u00e7a. Pano r\u00e1pido!<\/p>\n<p style=\"text-align: center;\"><strong>Cariocando<\/strong><\/p>\n<p style=\"text-align: center;\">H\u00e1 dois anos afastada dos palcos, desde quando encerrou a turn\u00ea do disco \u201cSetevidas\u201d (2014), a cantora baiana Pitty sentiu tanta falta da estrada que resolveu mudar a ordem do processo: organizou um novo show e bateu ponto na Fundi\u00e7\u00e3o Progresso (Rio) e arrasou com o show \u201cMatriz\u201d.<\/p>\n<p style=\"text-align: center;\"><strong>Outubro Rosa <\/strong><\/p>\n<p style=\"text-align: center;\">No m\u00eas rosa, recebemos informa\u00e7\u00f5es que o c\u00e2ncer de mama, uma doen\u00e7a comum, \u00e9 ainda negligenciada. Mesmo com campanhas e a luta da Ascomcer de conscientiza\u00e7\u00e3o, muitas mulheres n\u00e3o fazem mamografia com a frequ\u00eancia necess\u00e1ria. O autoexame deve ser feito. Estamos de olho.<\/p>\n<p style=\"text-align: center;\"><strong>Pela Sa\u00fade<\/strong><\/p>\n<p style=\"text-align: center;\">At\u00e9 24 de outubro, a Santa Casa de Juiz de Fora promove a campanha para alertar pacientes e profissionais da sa\u00fade sobre o Tromboembolismo Venoso (TEV), e conta com palestra da Enfermeira Patr\u00edcia Marinho gerente de Qualidade Hospitalar Farmac\u00eautica SANOFI.<\/p>\n<p style=\"text-align: center;\"><strong>Agenda 2030<\/strong><\/p>\n<p style=\"text-align: center;\">A FIEMG Regional Zona da Mata, com o apoio da PJF, promoveu em sua sede, o evento de lan\u00e7amento da \u201cVis\u00e3o 2030 MG\u201d. O objetivo foi estabelecer uma Agenda 2030 positiva para a sa\u00edda da crise que afeta o Brasil, baseada na Plataforma de Bioquerosene e renov\u00e1veis da Zona da Mata.<\/p>\n<p style=\"text-align: center;\"><strong>Parab\u00e9ns pra Voc\u00ea<\/strong><\/p>\n<p style=\"text-align: center;\">O escritor Marlon Moraes recebeu no Terra\u00e7o PriviAna de sua tia Ana Maria Moraes Lima no Jardim Gl\u00f3ria para uma tarde animada com drinques e petiscos para comemorar idade nova. O tom musical do cantor Marcus Lima animou os convidados no maior alto astral. As fotos de Marc\u00edlio Gomes registram momentos especiais.<\/p>\n<div id=\"attachment_123622\" style=\"width: 690px\" class=\"wp-caption aligncenter\"><img loading=\"lazy\" decoding=\"async\" aria-describedby=\"caption-attachment-123622\" class=\"wp-image-123622\" src=\"https:\/\/diarioregionaldigital.com.br\/wp-content\/uploads\/2018\/10\/fotoa-18.jpg\" alt=\"\" width=\"680\" height=\"456\" srcset=\"https:\/\/diarioregionaldigital.com.br\/wp-content\/uploads\/2018\/10\/fotoa-18.jpg 1764w, https:\/\/diarioregionaldigital.com.br\/wp-content\/uploads\/2018\/10\/fotoa-18-300x201.jpg 300w, https:\/\/diarioregionaldigital.com.br\/wp-content\/uploads\/2018\/10\/fotoa-18-768x515.jpg 768w, https:\/\/diarioregionaldigital.com.br\/wp-content\/uploads\/2018\/10\/fotoa-18-1024x686.jpg 1024w, https:\/\/diarioregionaldigital.com.br\/wp-content\/uploads\/2018\/10\/fotoa-18-360x241.jpg 360w\" sizes=\"auto, (max-width: 680px) 100vw, 680px\" \/><p id=\"caption-attachment-123622\" class=\"wp-caption-text\">O aniversariante Marlon Moraes ladeado de Reginaldo Rodrigues da Silva, Roberto Trevizane, o cantor Marcus Lima, Eduardo Gomes, Daniela Mata Duarte, Lygia Vallo e Paulo Braga<\/p><\/div>\n<div id=\"attachment_123623\" style=\"width: 690px\" class=\"wp-caption aligncenter\"><img loading=\"lazy\" decoding=\"async\" aria-describedby=\"caption-attachment-123623\" class=\"wp-image-123623\" src=\"https:\/\/diarioregionaldigital.com.br\/wp-content\/uploads\/2018\/10\/fotob-13.jpg\" alt=\"\" width=\"680\" height=\"453\" srcset=\"https:\/\/diarioregionaldigital.com.br\/wp-content\/uploads\/2018\/10\/fotob-13.jpg 5184w, https:\/\/diarioregionaldigital.com.br\/wp-content\/uploads\/2018\/10\/fotob-13-300x200.jpg 300w, https:\/\/diarioregionaldigital.com.br\/wp-content\/uploads\/2018\/10\/fotob-13-768x512.jpg 768w, https:\/\/diarioregionaldigital.com.br\/wp-content\/uploads\/2018\/10\/fotob-13-1024x683.jpg 1024w, https:\/\/diarioregionaldigital.com.br\/wp-content\/uploads\/2018\/10\/fotob-13-360x240.jpg 360w\" sizes=\"auto, (max-width: 680px) 100vw, 680px\" \/><p id=\"caption-attachment-123623\" class=\"wp-caption-text\">Marlon Moraes e os amigos, Mariana, Truman e Suelen<\/p><\/div>\n<div id=\"attachment_123624\" style=\"width: 690px\" class=\"wp-caption aligncenter\"><img loading=\"lazy\" decoding=\"async\" aria-describedby=\"caption-attachment-123624\" class=\"wp-image-123624\" src=\"https:\/\/diarioregionaldigital.com.br\/wp-content\/uploads\/2018\/10\/fotoc-13-e1540335461936.jpg\" alt=\"\" width=\"680\" height=\"492\" srcset=\"https:\/\/diarioregionaldigital.com.br\/wp-content\/uploads\/2018\/10\/fotoc-13-e1540335461936.jpg 3456w, https:\/\/diarioregionaldigital.com.br\/wp-content\/uploads\/2018\/10\/fotoc-13-e1540335461936-300x217.jpg 300w, https:\/\/diarioregionaldigital.com.br\/wp-content\/uploads\/2018\/10\/fotoc-13-e1540335461936-768x556.jpg 768w, https:\/\/diarioregionaldigital.com.br\/wp-content\/uploads\/2018\/10\/fotoc-13-e1540335461936-1024x741.jpg 1024w, https:\/\/diarioregionaldigital.com.br\/wp-content\/uploads\/2018\/10\/fotoc-13-e1540335461936-360x261.jpg 360w\" sizes=\"auto, (max-width: 680px) 100vw, 680px\" \/><p id=\"caption-attachment-123624\" class=\"wp-caption-text\">Ana Moura, Marlon Moraes e Mariana<\/p><\/div>\n<div id=\"attachment_123625\" style=\"width: 690px\" class=\"wp-caption aligncenter\"><img loading=\"lazy\" decoding=\"async\" aria-describedby=\"caption-attachment-123625\" class=\"wp-image-123625\" src=\"https:\/\/diarioregionaldigital.com.br\/wp-content\/uploads\/2018\/10\/fotod-14-e1540335433207.jpg\" alt=\"\" width=\"680\" height=\"492\" srcset=\"https:\/\/diarioregionaldigital.com.br\/wp-content\/uploads\/2018\/10\/fotod-14-e1540335433207.jpg 3456w, https:\/\/diarioregionaldigital.com.br\/wp-content\/uploads\/2018\/10\/fotod-14-e1540335433207-300x217.jpg 300w, https:\/\/diarioregionaldigital.com.br\/wp-content\/uploads\/2018\/10\/fotod-14-e1540335433207-768x556.jpg 768w, https:\/\/diarioregionaldigital.com.br\/wp-content\/uploads\/2018\/10\/fotod-14-e1540335433207-1024x741.jpg 1024w, https:\/\/diarioregionaldigital.com.br\/wp-content\/uploads\/2018\/10\/fotod-14-e1540335433207-360x261.jpg 360w\" sizes=\"auto, (max-width: 680px) 100vw, 680px\" \/><p id=\"caption-attachment-123625\" class=\"wp-caption-text\">Marilia Nunes, Marlon Moraes e Leandro<\/p><\/div>\n<div id=\"attachment_123626\" style=\"width: 690px\" class=\"wp-caption aligncenter\"><img loading=\"lazy\" decoding=\"async\" aria-describedby=\"caption-attachment-123626\" class=\"wp-image-123626\" src=\"https:\/\/diarioregionaldigital.com.br\/wp-content\/uploads\/2018\/10\/fotoe-13-e1540335490190.jpg\" alt=\"\" width=\"680\" height=\"492\" srcset=\"https:\/\/diarioregionaldigital.com.br\/wp-content\/uploads\/2018\/10\/fotoe-13-e1540335490190.jpg 3456w, https:\/\/diarioregionaldigital.com.br\/wp-content\/uploads\/2018\/10\/fotoe-13-e1540335490190-300x217.jpg 300w, https:\/\/diarioregionaldigital.com.br\/wp-content\/uploads\/2018\/10\/fotoe-13-e1540335490190-768x556.jpg 768w, https:\/\/diarioregionaldigital.com.br\/wp-content\/uploads\/2018\/10\/fotoe-13-e1540335490190-1024x741.jpg 1024w, https:\/\/diarioregionaldigital.com.br\/wp-content\/uploads\/2018\/10\/fotoe-13-e1540335490190-360x261.jpg 360w\" sizes=\"auto, (max-width: 680px) 100vw, 680px\" \/><p id=\"caption-attachment-123626\" class=\"wp-caption-text\">Jansen Narciso e Marlon Moraes<\/p><\/div>\n<div id=\"attachment_123627\" style=\"width: 690px\" class=\"wp-caption aligncenter\"><img loading=\"lazy\" decoding=\"async\" aria-describedby=\"caption-attachment-123627\" class=\"wp-image-123627\" src=\"https:\/\/diarioregionaldigital.com.br\/wp-content\/uploads\/2018\/10\/fotof-13.jpg\" alt=\"\" width=\"680\" height=\"453\" srcset=\"https:\/\/diarioregionaldigital.com.br\/wp-content\/uploads\/2018\/10\/fotof-13.jpg 5184w, https:\/\/diarioregionaldigital.com.br\/wp-content\/uploads\/2018\/10\/fotof-13-300x200.jpg 300w, https:\/\/diarioregionaldigital.com.br\/wp-content\/uploads\/2018\/10\/fotof-13-768x512.jpg 768w, https:\/\/diarioregionaldigital.com.br\/wp-content\/uploads\/2018\/10\/fotof-13-1024x683.jpg 1024w, https:\/\/diarioregionaldigital.com.br\/wp-content\/uploads\/2018\/10\/fotof-13-360x240.jpg 360w\" sizes=\"auto, (max-width: 680px) 100vw, 680px\" \/><p id=\"caption-attachment-123627\" class=\"wp-caption-text\">O cantor Marcus Lima, Marlon Moraes, Ana Maria Moraes Lima e o filho Matheus<\/p><\/div>\n<div id=\"attachment_123628\" style=\"width: 690px\" class=\"wp-caption aligncenter\"><img loading=\"lazy\" decoding=\"async\" aria-describedby=\"caption-attachment-123628\" class=\"wp-image-123628\" src=\"https:\/\/diarioregionaldigital.com.br\/wp-content\/uploads\/2018\/10\/fotog-13.jpg\" alt=\"\" width=\"680\" height=\"453\" srcset=\"https:\/\/diarioregionaldigital.com.br\/wp-content\/uploads\/2018\/10\/fotog-13.jpg 5184w, https:\/\/diarioregionaldigital.com.br\/wp-content\/uploads\/2018\/10\/fotog-13-300x200.jpg 300w, https:\/\/diarioregionaldigital.com.br\/wp-content\/uploads\/2018\/10\/fotog-13-768x512.jpg 768w, https:\/\/diarioregionaldigital.com.br\/wp-content\/uploads\/2018\/10\/fotog-13-1024x683.jpg 1024w, https:\/\/diarioregionaldigital.com.br\/wp-content\/uploads\/2018\/10\/fotog-13-360x240.jpg 360w\" sizes=\"auto, (max-width: 680px) 100vw, 680px\" \/><p id=\"caption-attachment-123628\" class=\"wp-caption-text\">Tereza Braga, Erika Beire, Marlon Moraes, Hermelinda Costa e Beto Souza<\/p><\/div>\n<div id=\"attachment_123629\" style=\"width: 690px\" class=\"wp-caption aligncenter\"><img loading=\"lazy\" decoding=\"async\" aria-describedby=\"caption-attachment-123629\" class=\"wp-image-123629\" src=\"https:\/\/diarioregionaldigital.com.br\/wp-content\/uploads\/2018\/10\/fotoh-14.jpg\" alt=\"\" width=\"680\" height=\"453\" srcset=\"https:\/\/diarioregionaldigital.com.br\/wp-content\/uploads\/2018\/10\/fotoh-14.jpg 5184w, https:\/\/diarioregionaldigital.com.br\/wp-content\/uploads\/2018\/10\/fotoh-14-300x200.jpg 300w, https:\/\/diarioregionaldigital.com.br\/wp-content\/uploads\/2018\/10\/fotoh-14-768x512.jpg 768w, https:\/\/diarioregionaldigital.com.br\/wp-content\/uploads\/2018\/10\/fotoh-14-1024x683.jpg 1024w, https:\/\/diarioregionaldigital.com.br\/wp-content\/uploads\/2018\/10\/fotoh-14-360x240.jpg 360w\" sizes=\"auto, (max-width: 680px) 100vw, 680px\" \/><p id=\"caption-attachment-123629\" class=\"wp-caption-text\">Reginaldo Rodrigues da Silva, Marlon Moraes, Ana Maria Morais Lima e Cida Moraes<\/p><\/div>\n<p style=\"text-align: center;\"><strong>FOTOSS\u00cdNTESE<\/strong><\/p>\n<p>Digno de todos os elogios, o Ginecologista El\u00eddio Lana foi homenageado em Belo Horizonte, com o t\u00edtulo de \u201cM\u00e9dico Mineiro em Destaque\u201d.<\/p>\n<p>A Escola de Samba Uni\u00e3o das Cores promove o 1\u00ba Jantar Dan\u00e7ante no dia 1\u00ba de novembro (s\u00e1bado), \u00e0s 19h, com m\u00fasica ao vivo com o cantor Fernando Gaio. No card\u00e1pio, arroz, salpic\u00e3o, salada fria e pernil assado ao molho madeira. O Buteco da Uni\u00e3o vai bombar.<\/p>\n<p>Antenada e convicta de seu talento, a psic\u00f3loga Ros\u00e2ngela Rossi faz lan\u00e7amento de seu novo livro \u201dDeus Joga ou n\u00e3o Joga Dados?\u201d. Na oportunidade faz a palestra \u201cPossibilidades Infinitas\u201d. Ser\u00e1 no Hotel Serrano, dia 10 novembro, \u00e0s 17h.<\/p>\n<p>Din\u00e2mico e alto astral, o m\u00e9dico-psiquiatra H\u00e9lio F\u00e1del, agora faz parte do quadro de colunistas da Acessa.com. Sua coluna abordar\u00e1 temas gerais de Psiquiatria Cl\u00ednica e tamb\u00e9m Psiquiatria do Esporte.<\/p>\n<p>Foi na Sociedade de Medicina e Cirurgia de Juiz de Fora a entrega da \u201cMedalha M\u00e9rito Dr. Jo\u00e3o Penido\u201d. Dentre os homenageados, Jorge Monteiro, Luiz Carlos Bertges, Nathercia Abr\u00e3o e Narciso Francisco Pazinatto. Aplausos!<\/p>\n<p>De luto a sociedade de Juiz de Fora com o falecimento de duas queridas amigas e gente do bem, Maximira do Anjos e Vani Pedro. A seus familiares, nosso abra\u00e7o carinhoso.<\/p>\n<p>Eveline Toledo marcou presen\u00e7a no evento Ponto do Samba no MAMM e aplaudiu o show da cantora carioca Ana Costa com os m\u00fasicos locais na pele de Roger Resende, Carlos Fernando, Fabr\u00edcio Nogueira, Marcio Gomes, Armando J\u00fanior, Mestre Jansen Narciso, al\u00e9m da flautista Amanda Martins. Aplausos!<\/p>\n<p>Fazendo sucesso no bairro Costa Carvalho, a Pianezza que juntou pizza com comida de boteco virando ponto de encontro de gente da sociedade local.<\/p>\n<p>Ana Moura passou arrasando e deu aquele al\u00f4.<\/p>\n<p>Dica: Ir no bar do Trade Hotel e degustar costela e cerveja do Z\u00e9.<\/p>\n<p>\u201cQuando perdemos o direito de ser diferentes, perdemos o privil\u00e9gio de ser livres\u201d. (sabedoria popular). Bom dia!<\/p>\n","protected":false},"excerpt":{"rendered":"<p>Front Produ\u00e7\u00f5es Uma das maiores vozes do Brasil e dono de dezenas de hits que marcam gera\u00e7\u00f5es pela nossa m\u00fasica, o cantor Lulu Santos vai aterrissar mais uma vez em Juiz de Fora. Com uma legi\u00e3o de f\u00e3s na cidade, ele vai apresentar a turn\u00ea \u201cCanta Lulu\u201d em espet\u00e1culo \u00fanico no dia 14 de novembro, [&hellip;]<\/p>\n","protected":false},"author":96,"featured_media":123622,"comment_status":"closed","ping_status":"closed","sticky":false,"template":"","format":"standard","meta":{"footnotes":""},"categories":[264],"tags":[],"class_list":["post-123630","post","type-post","status-publish","format-standard","has-post-thumbnail","hentry","category-eduardo-gomes"],"_links":{"self":[{"href":"https:\/\/diarioregionaldigital.com.br\/index.php?rest_route=\/wp\/v2\/posts\/123630","targetHints":{"allow":["GET"]}}],"collection":[{"href":"https:\/\/diarioregionaldigital.com.br\/index.php?rest_route=\/wp\/v2\/posts"}],"about":[{"href":"https:\/\/diarioregionaldigital.com.br\/index.php?rest_route=\/wp\/v2\/types\/post"}],"author":[{"embeddable":true,"href":"https:\/\/diarioregionaldigital.com.br\/index.php?rest_route=\/wp\/v2\/users\/96"}],"replies":[{"embeddable":true,"href":"https:\/\/diarioregionaldigital.com.br\/index.php?rest_route=%2Fwp%2Fv2%2Fcomments&post=123630"}],"version-history":[{"count":0,"href":"https:\/\/diarioregionaldigital.com.br\/index.php?rest_route=\/wp\/v2\/posts\/123630\/revisions"}],"wp:featuredmedia":[{"embeddable":true,"href":"https:\/\/diarioregionaldigital.com.br\/index.php?rest_route=\/wp\/v2\/media\/123622"}],"wp:attachment":[{"href":"https:\/\/diarioregionaldigital.com.br\/index.php?rest_route=%2Fwp%2Fv2%2Fmedia&parent=123630"}],"wp:term":[{"taxonomy":"category","embeddable":true,"href":"https:\/\/diarioregionaldigital.com.br\/index.php?rest_route=%2Fwp%2Fv2%2Fcategories&post=123630"},{"taxonomy":"post_tag","embeddable":true,"href":"https:\/\/diarioregionaldigital.com.br\/index.php?rest_route=%2Fwp%2Fv2%2Ftags&post=123630"}],"curies":[{"name":"wp","href":"https:\/\/api.w.org\/{rel}","templated":true}]}}