{"id":123613,"date":"2018-10-23T16:00:45","date_gmt":"2018-10-23T18:00:45","guid":{"rendered":"https:\/\/diarioregionaldigital.com.br\/?p=123613"},"modified":"2018-10-23T16:00:45","modified_gmt":"2018-10-23T18:00:45","slug":"ubs-do-parque-guarani-tera-horario-estendido-nesta-quarta-feira","status":"publish","type":"post","link":"https:\/\/diarioregionaldigital.com.br\/?p=123613","title":{"rendered":"UBS do Parque Guarani ter\u00e1 hor\u00e1rio estendido nesta quarta-feira"},"content":{"rendered":"<p>Pensando nas mulheres que trabalham, a Unidade B\u00e1sica de Sa\u00fade (UBS) do Parque Guarani, ampliar\u00e1 o hor\u00e1rio de funcionamento at\u00e9 as 20 horas, nesta quarta-feira, 24, dentro das a\u00e7\u00f5es do \u201cOutubro Rosa\u201d. O atendimento ser\u00e1 exclusivo para realiza\u00e7\u00e3o de exames preventivos e consulta m\u00e9dica, para usu\u00e1rias que fizeram agendamento.<\/p>\n<p>Segundo a enfermeira Elisabeth Ara\u00fajo, as mulheres que n\u00e3o agendaram o atendimento para esta quarta-feira poder\u00e3o utilizar o hor\u00e1rio extra e fazer a marca\u00e7\u00e3o para outros dias da semana. A meta \u00e9 chamar aten\u00e7\u00e3o para a import\u00e2ncia da preven\u00e7\u00e3o e do cuidado.<\/p>\n<p>Intensificando o tema da campanha deste ano &#8211; \u201cCuidado Integral com a Sa\u00fade da Mulher\u201d &#8211; estar\u00e3o dispon\u00edveis para todas as usu\u00e1rias da UBS os servi\u00e7os de atualiza\u00e7\u00e3o dos cart\u00f5es do Sistema \u00danico de Sa\u00fade (SUS) e de vacina, avalia\u00e7\u00e3o odontol\u00f3gica, orienta\u00e7\u00f5es e encaminhamentos individuais. Das 17 \u00e0s 19 horas, as professoras da Universidade \u201cPresidente Ant\u00f4nio Carlos\u201d (Unipac), Daniele Falc\u00e3o, Estela Ferrari e Luciane Guimar\u00e3es ministrar\u00e3o roda de conversa sobre \u201cA Import\u00e2ncia do Autoexame na Preven\u00e7\u00e3o do C\u00e2ncer de Mama\u201d.<\/p>\n<p>&nbsp;<\/p>\n<p>Fonte: Assessoria\/ PJF<\/p>\n","protected":false},"excerpt":{"rendered":"<p>Pensando nas mulheres que trabalham, a Unidade B\u00e1sica de Sa\u00fade (UBS) do Parque Guarani, ampliar\u00e1 o hor\u00e1rio de funcionamento at\u00e9 as 20 horas, nesta quarta-feira, 24, dentro das a\u00e7\u00f5es do \u201cOutubro Rosa\u201d. O atendimento ser\u00e1 exclusivo para realiza\u00e7\u00e3o de exames preventivos e consulta m\u00e9dica, para usu\u00e1rias que fizeram agendamento. Segundo a enfermeira Elisabeth Ara\u00fajo, as [&hellip;]<\/p>\n","protected":false},"author":96,"featured_media":123614,"comment_status":"closed","ping_status":"closed","sticky":false,"template":"","format":"standard","meta":{"footnotes":""},"categories":[253,439],"tags":[],"class_list":["post-123613","post","type-post","status-publish","format-standard","has-post-thumbnail","hentry","category-cidade","category-ultima-hora"],"_links":{"self":[{"href":"https:\/\/diarioregionaldigital.com.br\/index.php?rest_route=\/wp\/v2\/posts\/123613","targetHints":{"allow":["GET"]}}],"collection":[{"href":"https:\/\/diarioregionaldigital.com.br\/index.php?rest_route=\/wp\/v2\/posts"}],"about":[{"href":"https:\/\/diarioregionaldigital.com.br\/index.php?rest_route=\/wp\/v2\/types\/post"}],"author":[{"embeddable":true,"href":"https:\/\/diarioregionaldigital.com.br\/index.php?rest_route=\/wp\/v2\/users\/96"}],"replies":[{"embeddable":true,"href":"https:\/\/diarioregionaldigital.com.br\/index.php?rest_route=%2Fwp%2Fv2%2Fcomments&post=123613"}],"version-history":[{"count":0,"href":"https:\/\/diarioregionaldigital.com.br\/index.php?rest_route=\/wp\/v2\/posts\/123613\/revisions"}],"wp:featuredmedia":[{"embeddable":true,"href":"https:\/\/diarioregionaldigital.com.br\/index.php?rest_route=\/wp\/v2\/media\/123614"}],"wp:attachment":[{"href":"https:\/\/diarioregionaldigital.com.br\/index.php?rest_route=%2Fwp%2Fv2%2Fmedia&parent=123613"}],"wp:term":[{"taxonomy":"category","embeddable":true,"href":"https:\/\/diarioregionaldigital.com.br\/index.php?rest_route=%2Fwp%2Fv2%2Fcategories&post=123613"},{"taxonomy":"post_tag","embeddable":true,"href":"https:\/\/diarioregionaldigital.com.br\/index.php?rest_route=%2Fwp%2Fv2%2Ftags&post=123613"}],"curies":[{"name":"wp","href":"https:\/\/api.w.org\/{rel}","templated":true}]}}