{"id":123602,"date":"2018-10-23T15:14:14","date_gmt":"2018-10-23T17:14:14","guid":{"rendered":"https:\/\/diarioregionaldigital.com.br\/?p=123602"},"modified":"2018-10-23T15:14:14","modified_gmt":"2018-10-23T17:14:14","slug":"brasil-conquista-medalha-de-ouro-na-primeira-competicao-olimpica-do-futsal","status":"publish","type":"post","link":"https:\/\/diarioregionaldigital.com.br\/?p=123602","title":{"rendered":"Brasil conquista medalha de ouro na primeira competi\u00e7\u00e3o Ol\u00edmpica do Futsal"},"content":{"rendered":"<p>A estreia do futsal brasileiro em uma competi\u00e7\u00e3o ol\u00edmpica n\u00e3o poderia ter sido melhor. Nesta quinta-feira, dia 18, a sele\u00e7\u00e3o nacional fez hist\u00f3ria ao conquistar a medalha de ouro nos Jogos Ol\u00edmpicos da Juventude Buenos Aires 2018. Com a presen\u00e7a da jogadora Marta &#8211;\u00a0eleita seis vezes a melhor do mundo &#8211;\u00a0na torcida, o pa\u00eds derrotou a R\u00fassia por 4\u00a0a 1, no gin\u00e1sio montado no Tecn\u00f3polis, na capital argentina. Assim, o Time Brasil encerrou sua participa\u00e7\u00e3o nos Jogos Ol\u00edmpicos da Juventude Buenos Aires 2018 com 15 medalhas, sendo duas de ouro, quatro de prata e nove de bronze.<\/p>\n<p>&#8220;\u00c9 a melhor sensa\u00e7\u00e3o do mundo. Medalha ol\u00edmpica, n\u00e9? E \u00e9 ouro! A torcida nos apoiou desde o primeiro jogo at\u00e9 o final e essa vit\u00f3ria foi pra eles.\u00a0Agora vamos comemorar&#8221;, afirmou Breno.<\/p>\n<p>A oportunidade in\u00e9dita de vivenciar o ambiente ol\u00edmpico tamb\u00e9m foi um dos motivos de celebra\u00e7\u00e3o da equipe brasileira.<\/p>\n<p>\u201cO futsal brasileiro venceu. Foi um experi\u00eancia incr\u00edvel para os atletas vivenciarem o ambiente ol\u00edmpico. Agrade\u00e7o ao COB por todo o apoio e estrutura. \u00c9 um resultado muito importante para nossa modalidade\u201d, afirmou o treinador Daniel Junior.<\/p>\n<p>O Brasil come\u00e7ou com tudo. Com apenas um\u00a0minuto de jogo, a equipe verde e amarela j\u00e1 havia chutado tr\u00eas vezes a gol. Logo depois, uma bola na trave, e aos dois\u00a0minutos, em um lance inacredit\u00e1vel, o russo Danil Karpiuk chutou contra a pr\u00f3pria meta sem chances para o goleiro Subbotin. Mesmo com o 1 a 0 no placar, o Brasil continuou marcando em cima, n\u00e3o deixando o advers\u00e1rio respirar. O jogo ficou mais equilibrado e terminou empatado no primeiro tempo.<\/p>\n<p>Logo no in\u00edcio do segundo tempo, aos 55s, Breno ampliou para o Brasil, e, aos oito\u00a0minutos, Matheus Moura fez o terceiro, sem goleiro, j\u00e1 que a R\u00fassia utilizava o goleiro linha no momento.<\/p>\n<p>A sele\u00e7\u00e3o russa ainda diminuiu, aos 18m33s, com Samusenko, e, nos segundos finais, o goleiro brasileiro Fran\u00e7oar acertou um chute que atravessou toda a quadra para fazer o gol da medalha dourada. A medalha de bronze ficou com o Egito, que venceu a Argentina por 5 a 4.<\/p>\n<p>&#8220;Estou muito feliz. Batalhamos muito, conseguimos os gols e superamos o goleiro-linha deles. E ainda no final fiz o gol, gra\u00e7as a Deus a medalha \u00e9 nossa&#8221;, vibrou o goleiro Fran\u00e7oar, autor do gol do t\u00edtulo.<\/p>\n<p>No p\u00f3dio, os brasileiros homenagearam os &#8220;Javalis Selvagens&#8221;, nome do time de futebol dos meninos tailandeses que ficaram presos em uma caverna, com quem os brasileiros se encontraram no in\u00edcio da competi\u00e7\u00e3o, na Vila Ol\u00edmpica. Ao receberam as medalhas, os brasileiros fizeram um s\u00edmbolo com as m\u00e3os, que significa \u201cUnidos com o Cora\u00e7\u00e3o\u201d, marca registrada dos \u201cJavalis Selvagens\u201d<\/p>\n<p><strong>A campanha do Brasil:\u00a0<\/strong><\/p>\n<p>Fase de grupo:<br \/>\nBrasil 6 x 1 R\u00fassia<br \/>\nBrasil 4 x 0 Ir\u00e3<br \/>\nBrasil 6 x 2 Costa Rica<\/p>\n<p>Quartas de final<br \/>\nBrasil 9 x 1 Ilhas Salom\u00e3o<\/p>\n<p>Semifinal<br \/>\nArgentina 2 x 3 Brasil<\/p>\n<p>Final<br \/>\nBrasil 4 x 1 R\u00fassia<\/p>\n<p>&nbsp;<\/p>\n<p><strong>Fonte: COB<\/strong><\/p>\n","protected":false},"excerpt":{"rendered":"<p>A estreia do futsal brasileiro em uma competi\u00e7\u00e3o ol\u00edmpica n\u00e3o poderia ter sido melhor. Nesta quinta-feira, dia 18, a sele\u00e7\u00e3o nacional fez hist\u00f3ria ao conquistar a medalha de ouro nos Jogos Ol\u00edmpicos da Juventude Buenos Aires 2018. Com a presen\u00e7a da jogadora Marta &#8211;\u00a0eleita seis vezes a melhor do mundo &#8211;\u00a0na torcida, o pa\u00eds derrotou [&hellip;]<\/p>\n","protected":false},"author":96,"featured_media":123603,"comment_status":"closed","ping_status":"closed","sticky":false,"template":"","format":"standard","meta":{"footnotes":""},"categories":[257,439],"tags":[],"class_list":["post-123602","post","type-post","status-publish","format-standard","has-post-thumbnail","hentry","category-esporte","category-ultima-hora"],"_links":{"self":[{"href":"https:\/\/diarioregionaldigital.com.br\/index.php?rest_route=\/wp\/v2\/posts\/123602","targetHints":{"allow":["GET"]}}],"collection":[{"href":"https:\/\/diarioregionaldigital.com.br\/index.php?rest_route=\/wp\/v2\/posts"}],"about":[{"href":"https:\/\/diarioregionaldigital.com.br\/index.php?rest_route=\/wp\/v2\/types\/post"}],"author":[{"embeddable":true,"href":"https:\/\/diarioregionaldigital.com.br\/index.php?rest_route=\/wp\/v2\/users\/96"}],"replies":[{"embeddable":true,"href":"https:\/\/diarioregionaldigital.com.br\/index.php?rest_route=%2Fwp%2Fv2%2Fcomments&post=123602"}],"version-history":[{"count":0,"href":"https:\/\/diarioregionaldigital.com.br\/index.php?rest_route=\/wp\/v2\/posts\/123602\/revisions"}],"wp:featuredmedia":[{"embeddable":true,"href":"https:\/\/diarioregionaldigital.com.br\/index.php?rest_route=\/wp\/v2\/media\/123603"}],"wp:attachment":[{"href":"https:\/\/diarioregionaldigital.com.br\/index.php?rest_route=%2Fwp%2Fv2%2Fmedia&parent=123602"}],"wp:term":[{"taxonomy":"category","embeddable":true,"href":"https:\/\/diarioregionaldigital.com.br\/index.php?rest_route=%2Fwp%2Fv2%2Fcategories&post=123602"},{"taxonomy":"post_tag","embeddable":true,"href":"https:\/\/diarioregionaldigital.com.br\/index.php?rest_route=%2Fwp%2Fv2%2Ftags&post=123602"}],"curies":[{"name":"wp","href":"https:\/\/api.w.org\/{rel}","templated":true}]}}