{"id":123601,"date":"2018-10-23T15:17:21","date_gmt":"2018-10-23T17:17:21","guid":{"rendered":"https:\/\/diarioregionaldigital.com.br\/?p=123601"},"modified":"2018-10-23T15:18:47","modified_gmt":"2018-10-23T17:18:47","slug":"manutencao-em-rede-de-energia-eletrica-pode-afetar-abastecimento-do-jardim-da-serra-e-regiao","status":"publish","type":"post","link":"https:\/\/diarioregionaldigital.com.br\/?p=123601","title":{"rendered":"Manuten\u00e7\u00e3o em rede de energia el\u00e9trica pode afetar abastecimento do Jardim da Serra e regi\u00e3o nesta quarta, 24"},"content":{"rendered":"<p>Devido a manuten\u00e7\u00e3o na rede de energia el\u00e9trica das ruas da Pet\u00fania e da Neblina, no Bairro Novo Horizonte, duas unidades de abastecimento da Companhia de Saneamento Municipal (Cesama) ter\u00e3o seu funcionamento comprometido: a elevat\u00f3ria e o reservat\u00f3rio \u201cJardim da Serra\u201d. Os servi\u00e7os, feitos pela Companhia Energ\u00e9tica de Minas Gerais (Cemig), ser\u00e3o realizados das 9h30 \u00e0s 15h30 desta quarta-feira, 24, o que pode comprometer o fornecimento de \u00e1gua das localidades do Parque Jardim da Serra, Jardim da Serra, Novo Horizonte e Nova Calif\u00f3rnia.<\/p>\n<p>Assim que a Cemig finalizar os trabalhos e restabelecer a energia el\u00e9trica local, as unidades da Cesama ser\u00e3o reativadas. A previs\u00e3o \u00e9 de que o abastecimento da regi\u00e3o seja regularizado ainda na noite de quarta-feira.<\/p>\n<p>&nbsp;<\/p>\n<p>Fonte: Assessoria\/ PJF<\/p>\n","protected":false},"excerpt":{"rendered":"<p>Devido a manuten\u00e7\u00e3o na rede de energia el\u00e9trica das ruas da Pet\u00fania e da Neblina, no Bairro Novo Horizonte, duas unidades de abastecimento da Companhia de Saneamento Municipal (Cesama) ter\u00e3o seu funcionamento comprometido: a elevat\u00f3ria e o reservat\u00f3rio \u201cJardim da Serra\u201d. Os servi\u00e7os, feitos pela Companhia Energ\u00e9tica de Minas Gerais (Cemig), ser\u00e3o realizados das 9h30 [&hellip;]<\/p>\n","protected":false},"author":96,"featured_media":112697,"comment_status":"closed","ping_status":"closed","sticky":false,"template":"","format":"standard","meta":{"footnotes":""},"categories":[253,436,439],"tags":[],"class_list":["post-123601","post","type-post","status-publish","format-standard","has-post-thumbnail","hentry","category-cidade","category-destaque-da-semana","category-ultima-hora"],"_links":{"self":[{"href":"https:\/\/diarioregionaldigital.com.br\/index.php?rest_route=\/wp\/v2\/posts\/123601","targetHints":{"allow":["GET"]}}],"collection":[{"href":"https:\/\/diarioregionaldigital.com.br\/index.php?rest_route=\/wp\/v2\/posts"}],"about":[{"href":"https:\/\/diarioregionaldigital.com.br\/index.php?rest_route=\/wp\/v2\/types\/post"}],"author":[{"embeddable":true,"href":"https:\/\/diarioregionaldigital.com.br\/index.php?rest_route=\/wp\/v2\/users\/96"}],"replies":[{"embeddable":true,"href":"https:\/\/diarioregionaldigital.com.br\/index.php?rest_route=%2Fwp%2Fv2%2Fcomments&post=123601"}],"version-history":[{"count":0,"href":"https:\/\/diarioregionaldigital.com.br\/index.php?rest_route=\/wp\/v2\/posts\/123601\/revisions"}],"wp:featuredmedia":[{"embeddable":true,"href":"https:\/\/diarioregionaldigital.com.br\/index.php?rest_route=\/wp\/v2\/media\/112697"}],"wp:attachment":[{"href":"https:\/\/diarioregionaldigital.com.br\/index.php?rest_route=%2Fwp%2Fv2%2Fmedia&parent=123601"}],"wp:term":[{"taxonomy":"category","embeddable":true,"href":"https:\/\/diarioregionaldigital.com.br\/index.php?rest_route=%2Fwp%2Fv2%2Fcategories&post=123601"},{"taxonomy":"post_tag","embeddable":true,"href":"https:\/\/diarioregionaldigital.com.br\/index.php?rest_route=%2Fwp%2Fv2%2Ftags&post=123601"}],"curies":[{"name":"wp","href":"https:\/\/api.w.org\/{rel}","templated":true}]}}