{"id":123598,"date":"2018-10-23T15:09:23","date_gmt":"2018-10-23T17:09:23","guid":{"rendered":"https:\/\/diarioregionaldigital.com.br\/?p=123598"},"modified":"2018-10-23T15:12:56","modified_gmt":"2018-10-23T17:12:56","slug":"marta-e-homenageada-pela-cbf-apos-6o-premio-de-melhor-do-mundo","status":"publish","type":"post","link":"https:\/\/diarioregionaldigital.com.br\/?p=123598","title":{"rendered":"Marta \u00e9 homenageada pela CBF ap\u00f3s 6\u00ba pr\u00eamio de melhor do mundo"},"content":{"rendered":"<p>Em eventos de gala, o tapete vermelho serve para receber astros e estrelas mundiais. N\u00e3o \u00e9 por menos que foi assim que a sede da CBF\u00a0 se preparou para a visita de Marta, Rainha do futebol e melhor jogadora de todos os tempos. Nesta segunda-feira, a meia da Sele\u00e7\u00e3o Feminina foi homenageada na Casa do Futebol Brasileiro por se tornar a primeira atleta a ser eleita seis vezes como a melhor jogadora do mundo.<\/p>\n<p>A decora\u00e7\u00e3o especial contava com os seis trof\u00e9us conquistados pela camisa 10, que generosamente cedeu as pe\u00e7as para que sejam expostas na sede da CBF at\u00e9 o fim do ano. Ao chegar na sede, Marta foi recebida por centenas de crian\u00e7as, que esperavam por ela antes de conhecer o Museu Sele\u00e7\u00e3o Brasileira. Sua presen\u00e7a causou a euforia dos f\u00e3s mirins, que tocavam nela como se tentassem acreditar que ela de fato existe.<\/p>\n<p>E, para a alegria da garotada e de todos os brasileiros, ela n\u00e3o s\u00f3 existe como faz quest\u00e3o de retribuir todo o carinho.<\/p>\n<p>\u201cA motiva\u00e7\u00e3o maior parte dos f\u00e3s, das pessoas que te acompanham, de um coment\u00e1rio que voc\u00ea l\u00ea nas redes sociais, das crian\u00e7as que a gente encontra mundo afora. \u00c9 a\u00ed que voc\u00ea percebe que vale a pena seguir em frente, que a decis\u00e3o que voc\u00ea tomou h\u00e1 muitos anos atr\u00e1s foi certa. Inspirar as pessoas \u00e9 uma das coisas mais fant\u00e1sticas do mundo\u201d, \u00a0destacou.<\/p>\n<p><strong>A emo\u00e7\u00e3o pela homenagem<\/strong><\/p>\n<p>&nbsp;<\/p>\n<p>Foi dif\u00edcil para Marta conter as l\u00e1grimas durante as homenagens. A presen\u00e7a da Rainha emocionou muitas crian\u00e7as, que a beijavam e receberam aut\u00f3grafos em camisas especiais para o dia. Marta revelou que a vontade da CBF j\u00e1 havia sido expressa na \u00faltima data FIFA, ainda na Inglaterra. O que ela n\u00e3o imaginava, no entanto, \u00e9 que a festa fosse ser t\u00e3o grande.<\/p>\n<p>\u201cN\u00e3o imaginei que fosse ser tudo isso. Voc\u00ea chegar e se deparar com aquelas crian\u00e7as todas emocionadas e euf\u00f3ricas pela tua presen\u00e7a ali \u00e9 algo fant\u00e1stico, \u00e9 dif\u00edcil de expressar com palavras. \u00c9 gratificante, porque voc\u00ea sente ali que o seu trabalho est\u00e1 sendo feito de maneira positiva, porque \u00e9 exatamente essa mensagem que a gente tenta passar para as crian\u00e7as. De confian\u00e7a, de acreditar, de motiva\u00e7\u00e3o. Nesses momentos que voc\u00ea percebe que vale a pena,\u201d disse.<\/p>\n<p>Entre as homenagens, Marta recebeu uma placa de agradecimento da CBF. A pe\u00e7a n\u00e3o a parabeniza apenas pelas premia\u00e7\u00f5es, mas lembra tamb\u00e9m todo o exemplo que Marta d\u00e1 para meninos e meninas mundo afora.<\/p>\n<p><strong>Fonte: CBF<\/strong><\/p>\n<p>&nbsp;<\/p>\n<p>&nbsp;<\/p>\n","protected":false},"excerpt":{"rendered":"<p>Em eventos de gala, o tapete vermelho serve para receber astros e estrelas mundiais. N\u00e3o \u00e9 por menos que foi assim que a sede da CBF\u00a0 se preparou para a visita de Marta, Rainha do futebol e melhor jogadora de todos os tempos. Nesta segunda-feira, a meia da Sele\u00e7\u00e3o Feminina foi homenageada na Casa do [&hellip;]<\/p>\n","protected":false},"author":96,"featured_media":123600,"comment_status":"closed","ping_status":"closed","sticky":false,"template":"","format":"standard","meta":{"footnotes":""},"categories":[257,439],"tags":[],"class_list":["post-123598","post","type-post","status-publish","format-standard","has-post-thumbnail","hentry","category-esporte","category-ultima-hora"],"_links":{"self":[{"href":"https:\/\/diarioregionaldigital.com.br\/index.php?rest_route=\/wp\/v2\/posts\/123598","targetHints":{"allow":["GET"]}}],"collection":[{"href":"https:\/\/diarioregionaldigital.com.br\/index.php?rest_route=\/wp\/v2\/posts"}],"about":[{"href":"https:\/\/diarioregionaldigital.com.br\/index.php?rest_route=\/wp\/v2\/types\/post"}],"author":[{"embeddable":true,"href":"https:\/\/diarioregionaldigital.com.br\/index.php?rest_route=\/wp\/v2\/users\/96"}],"replies":[{"embeddable":true,"href":"https:\/\/diarioregionaldigital.com.br\/index.php?rest_route=%2Fwp%2Fv2%2Fcomments&post=123598"}],"version-history":[{"count":0,"href":"https:\/\/diarioregionaldigital.com.br\/index.php?rest_route=\/wp\/v2\/posts\/123598\/revisions"}],"wp:featuredmedia":[{"embeddable":true,"href":"https:\/\/diarioregionaldigital.com.br\/index.php?rest_route=\/wp\/v2\/media\/123600"}],"wp:attachment":[{"href":"https:\/\/diarioregionaldigital.com.br\/index.php?rest_route=%2Fwp%2Fv2%2Fmedia&parent=123598"}],"wp:term":[{"taxonomy":"category","embeddable":true,"href":"https:\/\/diarioregionaldigital.com.br\/index.php?rest_route=%2Fwp%2Fv2%2Fcategories&post=123598"},{"taxonomy":"post_tag","embeddable":true,"href":"https:\/\/diarioregionaldigital.com.br\/index.php?rest_route=%2Fwp%2Fv2%2Ftags&post=123598"}],"curies":[{"name":"wp","href":"https:\/\/api.w.org\/{rel}","templated":true}]}}