{"id":123595,"date":"2018-10-23T15:07:34","date_gmt":"2018-10-23T17:07:34","guid":{"rendered":"https:\/\/diarioregionaldigital.com.br\/?p=123595"},"modified":"2018-10-23T15:07:34","modified_gmt":"2018-10-23T17:07:34","slug":"ailton-e-o-tecnico-do-tupi-para-temporada-de-2019","status":"publish","type":"post","link":"https:\/\/diarioregionaldigital.com.br\/?p=123595","title":{"rendered":"A\u00edlton \u00e9 o t\u00e9cnico do Tupi para temporada de 2019"},"content":{"rendered":"<p>A\u00edlton Ferraz ser\u00e1 o t\u00e9cnico do Tupi para iniciar a temporada 2019. O an\u00fancio foi feito na tarde desta segunda-feira, 22,\u00a0 atrav\u00e9s das redes sociais do Clube. Depois de enviar proposta e receber uma contraproposta do tecnico, o Tupi\u00a0 fechou acordo para a disputa das competi\u00e7\u00f5es do pr\u00f3ximo ano, quando o alvinegro disputa Campeonato Mineiro, Copa do Brasil e S\u00e9rie D do Campeonato Brasileiro.<\/p>\n<p>O novo v\u00ednculo come\u00e7a em dezembro deste ano e vai at\u00e9 o t\u00e9rmino da campanha carij\u00f3 na S\u00e9rie D do Campeonato Brasileiro. Este ser\u00e1 o terceiro ano em que o Tupi ter\u00e1 o comando de A\u00edlton Ferraz na \u00e1rea t\u00e9cnica.<\/p>\n","protected":false},"excerpt":{"rendered":"<p>A\u00edlton Ferraz ser\u00e1 o t\u00e9cnico do Tupi para iniciar a temporada 2019. O an\u00fancio foi feito na tarde desta segunda-feira, 22,\u00a0 atrav\u00e9s das redes sociais do Clube. Depois de enviar proposta e receber uma contraproposta do tecnico, o Tupi\u00a0 fechou acordo para a disputa das competi\u00e7\u00f5es do pr\u00f3ximo ano, quando o alvinegro disputa Campeonato Mineiro, [&hellip;]<\/p>\n","protected":false},"author":96,"featured_media":123596,"comment_status":"closed","ping_status":"closed","sticky":false,"template":"","format":"standard","meta":{"footnotes":""},"categories":[257,439],"tags":[],"class_list":["post-123595","post","type-post","status-publish","format-standard","has-post-thumbnail","hentry","category-esporte","category-ultima-hora"],"_links":{"self":[{"href":"https:\/\/diarioregionaldigital.com.br\/index.php?rest_route=\/wp\/v2\/posts\/123595","targetHints":{"allow":["GET"]}}],"collection":[{"href":"https:\/\/diarioregionaldigital.com.br\/index.php?rest_route=\/wp\/v2\/posts"}],"about":[{"href":"https:\/\/diarioregionaldigital.com.br\/index.php?rest_route=\/wp\/v2\/types\/post"}],"author":[{"embeddable":true,"href":"https:\/\/diarioregionaldigital.com.br\/index.php?rest_route=\/wp\/v2\/users\/96"}],"replies":[{"embeddable":true,"href":"https:\/\/diarioregionaldigital.com.br\/index.php?rest_route=%2Fwp%2Fv2%2Fcomments&post=123595"}],"version-history":[{"count":0,"href":"https:\/\/diarioregionaldigital.com.br\/index.php?rest_route=\/wp\/v2\/posts\/123595\/revisions"}],"wp:featuredmedia":[{"embeddable":true,"href":"https:\/\/diarioregionaldigital.com.br\/index.php?rest_route=\/wp\/v2\/media\/123596"}],"wp:attachment":[{"href":"https:\/\/diarioregionaldigital.com.br\/index.php?rest_route=%2Fwp%2Fv2%2Fmedia&parent=123595"}],"wp:term":[{"taxonomy":"category","embeddable":true,"href":"https:\/\/diarioregionaldigital.com.br\/index.php?rest_route=%2Fwp%2Fv2%2Fcategories&post=123595"},{"taxonomy":"post_tag","embeddable":true,"href":"https:\/\/diarioregionaldigital.com.br\/index.php?rest_route=%2Fwp%2Fv2%2Ftags&post=123595"}],"curies":[{"name":"wp","href":"https:\/\/api.w.org\/{rel}","templated":true}]}}