{"id":123586,"date":"2018-10-23T13:19:43","date_gmt":"2018-10-23T15:19:43","guid":{"rendered":"https:\/\/diarioregionaldigital.com.br\/?p=123586"},"modified":"2018-10-23T13:19:43","modified_gmt":"2018-10-23T15:19:43","slug":"vereador-pretende-criar-dia-e-semana-municipal-de-informacoes-e-conscientizacao-de-doencas-raras","status":"publish","type":"post","link":"https:\/\/diarioregionaldigital.com.br\/?p=123586","title":{"rendered":"Vereador pretende criar dia e semana municipal de informa\u00e7\u00f5es e conscientiza\u00e7\u00e3o de doen\u00e7as raras"},"content":{"rendered":"<p>Informar e conscientizar a popula\u00e7\u00e3o acerca da necessidade de a\u00e7\u00f5es conjuntas voltadas para proporcionar uma melhor condi\u00e7\u00e3o de sa\u00fade e de vida aos indiv\u00edduos portadores de doen\u00e7as raras e seus familiares. Este \u00e9 o intuito do PL aprovado em primeira discuss\u00e3o, nesta segunda-feira, 22, de autoria do vereador, Adriano Miranda (PHS), que institui o dia e a semana municipal de informa\u00e7\u00e3o e conscientiza\u00e7\u00e3o sobre doen\u00e7as raras a ser comemorado anualmente, na \u00faltima semana do m\u00eas de fevereiro.<\/p>\n<p>O autor da proposta salienta que as pessoas portadoras de doen\u00e7as raras enfrentam diversas dificuldades sociais, passam por preconceitos devido aos sintomas f\u00edsicos pouco comuns destas patologias, al\u00e9m da falta de assistencialismo que lhes faltam.\u00a0 \u201cMuitos acabam isolados socialmente, devido \u00e0 falta de estrutura adequada a suas necessidades espec\u00edficas em escolas, universidades, locais de trabalho e centros de lazer\u201d, disse.<\/p>\n<p>A ideia de acordo com Miranda \u00e9 conscientizar as pessoas a respeito desta doen\u00e7a e criar um ambiente mais adequado para a conviv\u00eancia social delas, que muitas vezes s\u00e3o marginalizadas pelo sofrimento decorrente da pr\u00f3pria patologia. Ele ainda conclui que este modelo j\u00e1 \u00e9 usado na Inglaterra, no Reino Unido, e em outras cidades brasileiras, como, S\u00e3o Paulo e Rio de Janeiro.<\/p>\n<p>&nbsp;<\/p>\n<p>Fonte: Assessoria\/ C\u00e2mara<\/p>\n","protected":false},"excerpt":{"rendered":"<p>Informar e conscientizar a popula\u00e7\u00e3o acerca da necessidade de a\u00e7\u00f5es conjuntas voltadas para proporcionar uma melhor condi\u00e7\u00e3o de sa\u00fade e de vida aos indiv\u00edduos portadores de doen\u00e7as raras e seus familiares. Este \u00e9 o intuito do PL aprovado em primeira discuss\u00e3o, nesta segunda-feira, 22, de autoria do vereador, Adriano Miranda (PHS), que institui o dia [&hellip;]<\/p>\n","protected":false},"author":96,"featured_media":123587,"comment_status":"closed","ping_status":"closed","sticky":false,"template":"","format":"standard","meta":{"footnotes":""},"categories":[436,254,439],"tags":[],"class_list":["post-123586","post","type-post","status-publish","format-standard","has-post-thumbnail","hentry","category-destaque-da-semana","category-politica","category-ultima-hora"],"_links":{"self":[{"href":"https:\/\/diarioregionaldigital.com.br\/index.php?rest_route=\/wp\/v2\/posts\/123586","targetHints":{"allow":["GET"]}}],"collection":[{"href":"https:\/\/diarioregionaldigital.com.br\/index.php?rest_route=\/wp\/v2\/posts"}],"about":[{"href":"https:\/\/diarioregionaldigital.com.br\/index.php?rest_route=\/wp\/v2\/types\/post"}],"author":[{"embeddable":true,"href":"https:\/\/diarioregionaldigital.com.br\/index.php?rest_route=\/wp\/v2\/users\/96"}],"replies":[{"embeddable":true,"href":"https:\/\/diarioregionaldigital.com.br\/index.php?rest_route=%2Fwp%2Fv2%2Fcomments&post=123586"}],"version-history":[{"count":0,"href":"https:\/\/diarioregionaldigital.com.br\/index.php?rest_route=\/wp\/v2\/posts\/123586\/revisions"}],"wp:featuredmedia":[{"embeddable":true,"href":"https:\/\/diarioregionaldigital.com.br\/index.php?rest_route=\/wp\/v2\/media\/123587"}],"wp:attachment":[{"href":"https:\/\/diarioregionaldigital.com.br\/index.php?rest_route=%2Fwp%2Fv2%2Fmedia&parent=123586"}],"wp:term":[{"taxonomy":"category","embeddable":true,"href":"https:\/\/diarioregionaldigital.com.br\/index.php?rest_route=%2Fwp%2Fv2%2Fcategories&post=123586"},{"taxonomy":"post_tag","embeddable":true,"href":"https:\/\/diarioregionaldigital.com.br\/index.php?rest_route=%2Fwp%2Fv2%2Ftags&post=123586"}],"curies":[{"name":"wp","href":"https:\/\/api.w.org\/{rel}","templated":true}]}}