{"id":123582,"date":"2018-10-23T13:13:49","date_gmt":"2018-10-23T15:13:49","guid":{"rendered":"https:\/\/diarioregionaldigital.com.br\/?p=123582"},"modified":"2018-10-23T13:13:49","modified_gmt":"2018-10-23T15:13:49","slug":"vereador-quer-aumentar-comercializacao-de-produtos-em-bancas-de-jornal","status":"publish","type":"post","link":"https:\/\/diarioregionaldigital.com.br\/?p=123582","title":{"rendered":"Vereador quer aumentar comercializa\u00e7\u00e3o de produtos em bancas de jornal"},"content":{"rendered":"<p>Foi aprovado, em primeira discuss\u00e3o, nesta segunda-feira, 22, o projeto de lei complementar de autoria do vereador Ant\u00f4nio Aguiar (MDB), que altera a reda\u00e7\u00e3o do inciso I, do art. 25 da Lei n\u00ba 11.197 de 03 de agosto de 2006, que institui o C\u00f3digo de Posturas no munic\u00edpio. O autor da proposta explica que os produtos nas bancas de jornal s\u00e3o limitados apenas \u00e0 venda de jornais e revistas, restringindo a comercializa\u00e7\u00e3o de outros produtos.<\/p>\n<p>Aguiar argumenta, ainda, que esta altera\u00e7\u00e3o \u00e9 necess\u00e1ria para evitar conflitos com a fiscaliza\u00e7\u00e3o. Ele explica tamb\u00e9m que \u201cdevido \u00e0 evolu\u00e7\u00e3o e o avan\u00e7o tecnol\u00f3gico da \u00faltima d\u00e9cada, o com\u00e9rcio de jornais e revistas, n\u00e3o tem sido suficiente para manter as atividades das bancas e nem o sustento das diversas fam\u00edlias que dependem deste of\u00edcio para a sobreviv\u00eancia\u201d, disse.<\/p>\n<p>Com o novo texto as bancas de jornal poder\u00e3o inserir em seus estabelecimentos diversos produtos como: Ingressos para espet\u00e1culos esportivos, teatrais e musicais; bilhetes de loterias, preservativos, \u00e1lbuns de figurinhas, quando editados por casa editora de jornais e revistas que promovam sorteio ou distribui\u00e7\u00e3o de pr\u00eamios devidamente legalizados pelos \u00f3rg\u00e3os competentes de t\u00edtulos de capitaliza\u00e7\u00e3o enquadrados na mesma norma, cart\u00e3o de telefone p\u00fablico, cr\u00e9ditos para recarga de telefone celular, cart\u00e3o com chip de telefone celular, acess\u00f3rios para celular, cart\u00f5es postais e comemorativos de eventos, papel carta, servi\u00e7os de c\u00f3pia de documentos, brinquedos em cartelas, envelopes, xerox, faixas, adesivos, b\u00f3tons, bandeirolas, fl\u00e2mulas, galhardetes, bal\u00f5es infl\u00e1veis, entre outros.<\/p>\n<p>&nbsp;<\/p>\n<p>Fonte: Assessoria\/ C\u00e2mara<\/p>\n","protected":false},"excerpt":{"rendered":"<p>Foi aprovado, em primeira discuss\u00e3o, nesta segunda-feira, 22, o projeto de lei complementar de autoria do vereador Ant\u00f4nio Aguiar (MDB), que altera a reda\u00e7\u00e3o do inciso I, do art. 25 da Lei n\u00ba 11.197 de 03 de agosto de 2006, que institui o C\u00f3digo de Posturas no munic\u00edpio. O autor da proposta explica que os [&hellip;]<\/p>\n","protected":false},"author":96,"featured_media":123583,"comment_status":"closed","ping_status":"closed","sticky":false,"template":"","format":"standard","meta":{"footnotes":""},"categories":[254,439],"tags":[],"class_list":["post-123582","post","type-post","status-publish","format-standard","has-post-thumbnail","hentry","category-politica","category-ultima-hora"],"_links":{"self":[{"href":"https:\/\/diarioregionaldigital.com.br\/index.php?rest_route=\/wp\/v2\/posts\/123582","targetHints":{"allow":["GET"]}}],"collection":[{"href":"https:\/\/diarioregionaldigital.com.br\/index.php?rest_route=\/wp\/v2\/posts"}],"about":[{"href":"https:\/\/diarioregionaldigital.com.br\/index.php?rest_route=\/wp\/v2\/types\/post"}],"author":[{"embeddable":true,"href":"https:\/\/diarioregionaldigital.com.br\/index.php?rest_route=\/wp\/v2\/users\/96"}],"replies":[{"embeddable":true,"href":"https:\/\/diarioregionaldigital.com.br\/index.php?rest_route=%2Fwp%2Fv2%2Fcomments&post=123582"}],"version-history":[{"count":0,"href":"https:\/\/diarioregionaldigital.com.br\/index.php?rest_route=\/wp\/v2\/posts\/123582\/revisions"}],"wp:featuredmedia":[{"embeddable":true,"href":"https:\/\/diarioregionaldigital.com.br\/index.php?rest_route=\/wp\/v2\/media\/123583"}],"wp:attachment":[{"href":"https:\/\/diarioregionaldigital.com.br\/index.php?rest_route=%2Fwp%2Fv2%2Fmedia&parent=123582"}],"wp:term":[{"taxonomy":"category","embeddable":true,"href":"https:\/\/diarioregionaldigital.com.br\/index.php?rest_route=%2Fwp%2Fv2%2Fcategories&post=123582"},{"taxonomy":"post_tag","embeddable":true,"href":"https:\/\/diarioregionaldigital.com.br\/index.php?rest_route=%2Fwp%2Fv2%2Ftags&post=123582"}],"curies":[{"name":"wp","href":"https:\/\/api.w.org\/{rel}","templated":true}]}}