{"id":123578,"date":"2018-10-23T13:05:45","date_gmt":"2018-10-23T15:05:45","guid":{"rendered":"https:\/\/diarioregionaldigital.com.br\/?p=123578"},"modified":"2018-10-23T13:05:45","modified_gmt":"2018-10-23T15:05:45","slug":"coleta-seletiva-tem-novo-horario-de-funcionamento","status":"publish","type":"post","link":"https:\/\/diarioregionaldigital.com.br\/?p=123578","title":{"rendered":"Coleta seletiva tem novo hor\u00e1rio de funcionamento"},"content":{"rendered":"<p>A coleta seletiva do Departamento Municipal de Limpeza Urbana (Demlurb) tem seu hor\u00e1rio alterado a partir desta segunda-feira, 22. O servi\u00e7o passa a ser iniciado \u00e0s 7 horas, e n\u00e3o mais \u00e0s 8. A mudan\u00e7a foi necess\u00e1ria devido a quest\u00f5es operacionais, que visam otimizar as rotas. A coleta seletiva continua a ser realizada uma vez por semana, nos 119 bairros atendidos, de segunda a s\u00e1bado.<\/p>\n<p>O Demlurb atende atualmente cerca de 60% da cidade com o servi\u00e7o seletivo. S\u00e3o recolhidas, aproximadamente, 2,5 toneladas por dia. Todo o material recicl\u00e1vel \u00e9 doado \u00e0 Associa\u00e7\u00e3o Municipal dos Catadores de Papel, Papel\u00e3o e Materiais Reaproveit\u00e1veis de Juiz de Fora (Ascajuf), respons\u00e1vel por sua separa\u00e7\u00e3o e comercializa\u00e7\u00e3o. Por este motivo, a coleta seletiva do Demlurb \u00e9 projeto socioambiental. \u201cAl\u00e9m de contribuirmos com a preserva\u00e7\u00e3o do meio ambiente, ao destinar corretamente os materiais recicl\u00e1veis, evitando que os mesmos sejam direcionados ao aterro sanit\u00e1rio, juntamente ao lixo domiciliar, ajudamos na gera\u00e7\u00e3o de emprego e renda das fam\u00edlias associadas a Ascajuf, que ficam com o lucro do material recolhido\u201d, explicou a coordenadora do setor de Educa\u00e7\u00e3o Ambiental do Demlurb, Rosilene Lopes.<\/p>\n<p>&nbsp;<\/p>\n<p>Fonte: Assessoria\/ PJF<\/p>\n","protected":false},"excerpt":{"rendered":"<p>A coleta seletiva do Departamento Municipal de Limpeza Urbana (Demlurb) tem seu hor\u00e1rio alterado a partir desta segunda-feira, 22. O servi\u00e7o passa a ser iniciado \u00e0s 7 horas, e n\u00e3o mais \u00e0s 8. A mudan\u00e7a foi necess\u00e1ria devido a quest\u00f5es operacionais, que visam otimizar as rotas. A coleta seletiva continua a ser realizada uma vez [&hellip;]<\/p>\n","protected":false},"author":96,"featured_media":123579,"comment_status":"closed","ping_status":"closed","sticky":false,"template":"","format":"standard","meta":{"footnotes":""},"categories":[253,436,439],"tags":[],"class_list":["post-123578","post","type-post","status-publish","format-standard","has-post-thumbnail","hentry","category-cidade","category-destaque-da-semana","category-ultima-hora"],"_links":{"self":[{"href":"https:\/\/diarioregionaldigital.com.br\/index.php?rest_route=\/wp\/v2\/posts\/123578","targetHints":{"allow":["GET"]}}],"collection":[{"href":"https:\/\/diarioregionaldigital.com.br\/index.php?rest_route=\/wp\/v2\/posts"}],"about":[{"href":"https:\/\/diarioregionaldigital.com.br\/index.php?rest_route=\/wp\/v2\/types\/post"}],"author":[{"embeddable":true,"href":"https:\/\/diarioregionaldigital.com.br\/index.php?rest_route=\/wp\/v2\/users\/96"}],"replies":[{"embeddable":true,"href":"https:\/\/diarioregionaldigital.com.br\/index.php?rest_route=%2Fwp%2Fv2%2Fcomments&post=123578"}],"version-history":[{"count":0,"href":"https:\/\/diarioregionaldigital.com.br\/index.php?rest_route=\/wp\/v2\/posts\/123578\/revisions"}],"wp:featuredmedia":[{"embeddable":true,"href":"https:\/\/diarioregionaldigital.com.br\/index.php?rest_route=\/wp\/v2\/media\/123579"}],"wp:attachment":[{"href":"https:\/\/diarioregionaldigital.com.br\/index.php?rest_route=%2Fwp%2Fv2%2Fmedia&parent=123578"}],"wp:term":[{"taxonomy":"category","embeddable":true,"href":"https:\/\/diarioregionaldigital.com.br\/index.php?rest_route=%2Fwp%2Fv2%2Fcategories&post=123578"},{"taxonomy":"post_tag","embeddable":true,"href":"https:\/\/diarioregionaldigital.com.br\/index.php?rest_route=%2Fwp%2Fv2%2Ftags&post=123578"}],"curies":[{"name":"wp","href":"https:\/\/api.w.org\/{rel}","templated":true}]}}