{"id":123574,"date":"2018-10-23T13:03:01","date_gmt":"2018-10-23T15:03:01","guid":{"rendered":"https:\/\/diarioregionaldigital.com.br\/?p=123574"},"modified":"2018-10-23T13:03:01","modified_gmt":"2018-10-23T15:03:01","slug":"desfile-valoriza-identidade-feminina-e-conscientiza-sobre-a-importancia-da-prevencao-contra-cancer-de-mama","status":"publish","type":"post","link":"https:\/\/diarioregionaldigital.com.br\/?p=123574","title":{"rendered":"Desfile valoriza identidade feminina e conscientiza sobre a import\u00e2ncia da preven\u00e7\u00e3o contra c\u00e2ncer de mama"},"content":{"rendered":"<p>O curso de Design de Moda do Centro Universit\u00e1rio Est\u00e1cio Juiz de Fora, em parceria com a Ascomcer, realiza mais uma edi\u00e7\u00e3o do desfile Outubro Rosa, que \u00e9 voltado para a conscientiza\u00e7\u00e3o da preven\u00e7\u00e3o ao c\u00e2ncer de mama. Alunos da institui\u00e7\u00e3o j\u00e1 deram in\u00edcio \u00e0 produ\u00e7\u00e3o dos\u00a0looks\u00a0que ser\u00e3o usados no desfile. O evento acontece no Santa Cruz Shopping, na pr\u00f3xima quinta-feira, 25, \u00e0s 17 horas. Na passarela, desfilar\u00e3o pacientes em tratamento na Ascomcer e modelos da ag\u00eancia Patr\u00edcia Alvim.<\/p>\n<div id=\"attachment_123575\" style=\"width: 261px\" class=\"wp-caption alignleft\"><img loading=\"lazy\" decoding=\"async\" aria-describedby=\"caption-attachment-123575\" class=\" wp-image-123575\" src=\"https:\/\/diarioregionaldigital.com.br\/wp-content\/uploads\/2018\/10\/desfile-outubro-rosa-300x300.jpeg\" alt=\"\" width=\"251\" height=\"251\" srcset=\"https:\/\/diarioregionaldigital.com.br\/wp-content\/uploads\/2018\/10\/desfile-outubro-rosa-300x300.jpeg 300w, https:\/\/diarioregionaldigital.com.br\/wp-content\/uploads\/2018\/10\/desfile-outubro-rosa-150x150.jpeg 150w, https:\/\/diarioregionaldigital.com.br\/wp-content\/uploads\/2018\/10\/desfile-outubro-rosa-768x768.jpeg 768w, https:\/\/diarioregionaldigital.com.br\/wp-content\/uploads\/2018\/10\/desfile-outubro-rosa-1024x1024.jpeg 1024w, https:\/\/diarioregionaldigital.com.br\/wp-content\/uploads\/2018\/10\/desfile-outubro-rosa-180x180.jpeg 180w, https:\/\/diarioregionaldigital.com.br\/wp-content\/uploads\/2018\/10\/desfile-outubro-rosa-600x600.jpeg 600w, https:\/\/diarioregionaldigital.com.br\/wp-content\/uploads\/2018\/10\/desfile-outubro-rosa-120x120.jpeg 120w, https:\/\/diarioregionaldigital.com.br\/wp-content\/uploads\/2018\/10\/desfile-outubro-rosa-360x360.jpeg 360w, https:\/\/diarioregionaldigital.com.br\/wp-content\/uploads\/2018\/10\/desfile-outubro-rosa-80x80.jpeg 80w, https:\/\/diarioregionaldigital.com.br\/wp-content\/uploads\/2018\/10\/desfile-outubro-rosa.jpeg 1280w\" sizes=\"auto, (max-width: 251px) 100vw, 251px\" \/><p id=\"caption-attachment-123575\" class=\"wp-caption-text\">Foto: Divulga\u00e7\u00e3o<\/p><\/div>\n<p>Na edi\u00e7\u00e3o 2018, o desfile busca conscientizar a popula\u00e7\u00e3o, mostrando que nem todas as mulheres que lutam contra o c\u00e2ncer de mama s\u00e3o iguais: cada uma delas tem suas caracter\u00edsticas e identidade. Ser\u00e3o representados v\u00e1rios grupos de mulheres: punks, hippies, ciganas, trans, negras e\u00a0plus size. O desfile, que conta com a coordena\u00e7\u00e3o da professora Ana Paula Calixto,\u00a0tem como refer\u00eancia a disciplina \u201cIdentidade Visual\u201d, ministrada pela professora T\u00e2mara Lis. A professora T\u00e2mara tamb\u00e9m orienta o trabalho dos alunos dos cursos de Jornalismo e Publicidade e Propaganda respons\u00e1veis pela divulga\u00e7\u00e3o do evento.<\/p>\n<p>Os alunos de Moda desenvolveram pesquisas sobre as diferentes tribos urbanas e a import\u00e2ncia da moda na forma\u00e7\u00e3o de suas identidades. A professora Selma Flutt, respons\u00e1vel pela Oficina de Criatividade e Moda, orientou a confec\u00e7\u00e3o dos\u00a0looks, retratando as diferentes tribos. Para a coordenadora do curso de Design de Moda, Paula Castro, \u00e9 fundamental para a forma\u00e7\u00e3o social dos novos profissionais a atua\u00e7\u00e3o em iniciativas como essa.<\/p>\n<p>A estudante L\u00facia Monteiro destaca a import\u00e2ncia de mostrar a pluralidade entre a popula\u00e7\u00e3o feminina: \u201cEstamos falando sobre a preven\u00e7\u00e3o do c\u00e2ncer de mama, que hoje atinge grande parte das mulheres. Mas tamb\u00e9m \u00e9 nosso objetivo mostrar que as mulheres n\u00e3o s\u00e3o apenas um padr\u00e3o. Somos diversas, somos plurais e estamos celebrando justamente a nossa feminilidade e nosso poder enquanto indiv\u00edduo\u201d.<\/p>\n<p>&nbsp;<\/p>\n<p>Fonte: Assessoria<\/p>\n","protected":false},"excerpt":{"rendered":"<p>O curso de Design de Moda do Centro Universit\u00e1rio Est\u00e1cio Juiz de Fora, em parceria com a Ascomcer, realiza mais uma edi\u00e7\u00e3o do desfile Outubro Rosa, que \u00e9 voltado para a conscientiza\u00e7\u00e3o da preven\u00e7\u00e3o ao c\u00e2ncer de mama. Alunos da institui\u00e7\u00e3o j\u00e1 deram in\u00edcio \u00e0 produ\u00e7\u00e3o dos\u00a0looks\u00a0que ser\u00e3o usados no desfile. O evento acontece no [&hellip;]<\/p>\n","protected":false},"author":96,"featured_media":123576,"comment_status":"closed","ping_status":"closed","sticky":false,"template":"","format":"standard","meta":{"footnotes":""},"categories":[253,439],"tags":[],"class_list":["post-123574","post","type-post","status-publish","format-standard","has-post-thumbnail","hentry","category-cidade","category-ultima-hora"],"_links":{"self":[{"href":"https:\/\/diarioregionaldigital.com.br\/index.php?rest_route=\/wp\/v2\/posts\/123574","targetHints":{"allow":["GET"]}}],"collection":[{"href":"https:\/\/diarioregionaldigital.com.br\/index.php?rest_route=\/wp\/v2\/posts"}],"about":[{"href":"https:\/\/diarioregionaldigital.com.br\/index.php?rest_route=\/wp\/v2\/types\/post"}],"author":[{"embeddable":true,"href":"https:\/\/diarioregionaldigital.com.br\/index.php?rest_route=\/wp\/v2\/users\/96"}],"replies":[{"embeddable":true,"href":"https:\/\/diarioregionaldigital.com.br\/index.php?rest_route=%2Fwp%2Fv2%2Fcomments&post=123574"}],"version-history":[{"count":0,"href":"https:\/\/diarioregionaldigital.com.br\/index.php?rest_route=\/wp\/v2\/posts\/123574\/revisions"}],"wp:featuredmedia":[{"embeddable":true,"href":"https:\/\/diarioregionaldigital.com.br\/index.php?rest_route=\/wp\/v2\/media\/123576"}],"wp:attachment":[{"href":"https:\/\/diarioregionaldigital.com.br\/index.php?rest_route=%2Fwp%2Fv2%2Fmedia&parent=123574"}],"wp:term":[{"taxonomy":"category","embeddable":true,"href":"https:\/\/diarioregionaldigital.com.br\/index.php?rest_route=%2Fwp%2Fv2%2Fcategories&post=123574"},{"taxonomy":"post_tag","embeddable":true,"href":"https:\/\/diarioregionaldigital.com.br\/index.php?rest_route=%2Fwp%2Fv2%2Ftags&post=123574"}],"curies":[{"name":"wp","href":"https:\/\/api.w.org\/{rel}","templated":true}]}}