{"id":123565,"date":"2018-10-23T12:25:41","date_gmt":"2018-10-23T14:25:41","guid":{"rendered":"https:\/\/diarioregionaldigital.com.br\/?p=123565"},"modified":"2018-10-23T12:25:41","modified_gmt":"2018-10-23T14:25:41","slug":"arquidiocese-de-juiz-de-fora-celebra-padroeiro-das-causas-impossiveis","status":"publish","type":"post","link":"https:\/\/diarioregionaldigital.com.br\/?p=123565","title":{"rendered":"Arquidiocese de Juiz de Fora celebra padroeiro das causas imposs\u00edveis"},"content":{"rendered":"<p>A Igreja Cat\u00f3lica faz mem\u00f3ria a S\u00e3o Judas Tadeu, padroeiro das causas imposs\u00edveis, no pr\u00f3ximo domingo, dia 28 de outubro. Na Arquidiocese de Juiz de Fora h\u00e1 v\u00e1rias igrejas dedicadas ao santo, e todas elas prepararam programa\u00e7\u00f5es especiais.<\/p>\n<p>No santu\u00e1rio localizado no Bairro Furtado de Menezes, a novena come\u00e7ou no \u00faltimo dia 19 e ir\u00e1 at\u00e9 27 de outubro, com missas todos os dias \u00e0s 19h. No domingo, 28, haver\u00e1 missas \u00e0s 6h, 8h, 10h, 12h, 14h, 16h, 18h e 20h.<\/p>\n<p><b>Juiz de Fora<\/b><\/p>\n<p><b><u>Santu\u00e1rio S\u00e3o Judas Tadeu &#8211; Bairro Furtado de Menezes (pertencente \u00e0 Par\u00f3quia Sant\u00edssima Trindade)<\/u><\/b><br \/>\n<i>*O santu\u00e1rio fica na Rua S\u00e3o Judas Tadeu, 59 &#8211; Furtado de Menezes<\/i><\/p>\n<p><b>At\u00e9 27 de outubro \u2013 Novena<\/b><br \/>\n19h \u2013 Missas presididas por padres convidados<\/p>\n<p><b>Dia 28 de outubro \u2013 Domingo \u2013 Dia de S\u00e3o Judas Tadeu<\/b><br \/>\n6h, 8h, 10h, 12h, 14h, 16h, 18h, 20h \u2013 Missas<\/p>\n<p><i>*Haver\u00e1 funcionamento de barraquinhas todos os dias.<\/i><\/p>\n<p><b><u>Capela S\u00e3o Judas Tadeu &#8211; Bairro S\u00e3o Judas Tadeu (pertencente \u00e0 Par\u00f3quia Nossa Senhora de F\u00e1tima)<\/u><\/b><\/p>\n<p><i>*A capela fica na Rua Jos\u00e9 Carlos de Lery, 60 &#8211; S\u00e3o Judas Tadeu<\/i><\/p>\n<p><b>At\u00e9 27 de outubro \u2013 Novena\u00a0<\/b><\/p>\n<p>19h \u2013 Ter\u00e7o<br \/>\n19h30 \u2013 Missa Festiva<\/p>\n<p><b>Dia 28 de outubro \u2013 Domingo \u2013 Dia de S\u00e3o Judas Tadeu<\/b><\/p>\n<p>6h \u2013 Alvorada de fogos<br \/>\n8h e 15h \u2013 Missas<br \/>\n19h \u2013 Solene Prociss\u00e3o pelas ruas do bairro at\u00e9 a igreja<br \/>\n19h \u2013 Missa festiva<\/p>\n<p><i>*Haver\u00e1 funcionamento de barraquinhas todos os dias.<\/i><\/p>\n<p><b><u>Comunidade S\u00e3o Judas Tadeu &#8211; Bairro Arco \u00cdris (pertencente \u00e0 Par\u00f3quia S\u00e3o Pio X)<\/u><\/b><\/p>\n<p><i>*A comunidade fica na Rua Hil\u00e1rio Dias da Cruz, 22 &#8211; Arco \u00cdris<\/i><\/p>\n<p><b>Dia 22 de outubro \u2013 Segunda-feira<\/b><\/p>\n<p>19h30 \u2013 C\u00edrculo B\u00edblico \u2013 Hist\u00f3ria de S\u00e3o Judas Tadeu<\/p>\n<p><b>Dia 23 de outubro \u2013 Ter\u00e7a-feira<\/b><\/p>\n<p>19h30 \u2013 Ter\u00e7o de S\u00e3o Judas Tadeu<\/p>\n<p><b>Dia 24 de outubro \u2013 Quarta-feira<\/b><\/p>\n<p>19h30 \u2013 Adora\u00e7\u00e3o ao Sant\u00edssimo<\/p>\n<p><b>Dia 25 de outubro \u2013 Quinta-feira<\/b><\/p>\n<p>19h30 \u2013 Missa das causas imposs\u00edveis<br \/>\n<b><\/b><\/p>\n<p><b>Dia 26 de outubro \u2013 Sexta-feira<\/b><\/p>\n<p>19h30 \u2013 Prociss\u00e3o com ben\u00e7\u00e3o nas casas pelas ruas da comunidade<\/p>\n<p><b>Dia 27 de outubro \u2013 S\u00e1bado<\/b><\/p>\n<p>19h30 \u2013 Noite de caldos e m\u00fasica ao vivo<\/p>\n<p><b>Dia 28 de outubro \u2013 Domingo \u2013 Dia de S\u00e3o Judas Tadeu<\/b><\/p>\n<p>10h \u2013 Missa<\/p>\n<p><i>*Ap\u00f3s a celebra\u00e7\u00e3o, haver\u00e1 almo\u00e7o e show de pr\u00eamios.<\/i><\/p>\n<p>12h \u2013 Show do Minist\u00e9rio de M\u00fasica Art &amp; Louvor<\/p>\n<p><b><u>Comunidade S\u00e3o Judas Tadeu &#8211; Cruzeiro Santa Rita (pertencente \u00e0 Par\u00f3quia Santa Rita de C\u00e1ssia)<\/u><\/b><\/p>\n<p><i>*A comunidade fica na Rua Jos\u00e9 Vicente, 18 &#8211; Cruzeiro Santa Rita<\/i><\/p>\n<p><b>De 25 a 27 de outubro \u2013 Tr\u00edduo\u00a0<\/b><\/p>\n<p>18h30 \u2013 Ter\u00e7o<br \/>\n19h30 \u2013 Missa<\/p>\n<p><b>Dia 28 de outubro \u2013 Domingo \u2013 Dia de S\u00e3o Judas Tadeu<\/b><\/p>\n<p>16h \u2013 Ter\u00e7o<br \/>\n17h \u2013 Missa seguida de prociss\u00e3o<\/p>\n<p><i>*Haver\u00e1 funcionamento de barraquinhas todos os dias e de bazar, nos dias 27 e 28.<\/i><\/p>\n<p><b><u>Comunidade S\u00e3o Judas Tadeu &#8211; Bairro Jardim Ema\u00fas (pertencente a Par\u00f3quia Nossa Senhora das Dores)<\/u><\/b><\/p>\n<p><i>*A capela fica na Rua Marinho Noberto de Souza, 580 &#8211; Jardim Ema\u00fas\u00a0<\/i><\/p>\n<p><b>De 25 a 27 de outubro \u2013 Tr\u00edduo\u00a0<\/b><\/p>\n<p>19h \u2013 Celebra\u00e7\u00e3o da Palavra<\/p>\n<p><b>Dia 28 de outubro \u2013 Domingo \u2013 Dia de S\u00e3o Judas Tadeu<\/b><\/p>\n<p>18h30 \u2013 Prociss\u00e3o saindo da Rua Maria Belo da Silva, n\u00ba 620 em dire\u00e7\u00e3o ao terreno onde est\u00e1 sendo constru\u00edda a capela<br \/>\n19h \u2013 Missa<\/p>\n<p><i>*Ap\u00f3s a celebra\u00e7\u00e3o, haver\u00e1 venda de cachorro quente e refrigerante.<\/i><\/p>\n<p><strong>Interior<\/strong><\/p>\n<p><b><u>Capela S\u00e3o Judas Tadeu &#8211; Santos Dumont\/MG (pertencente \u00e0 Par\u00f3quia S\u00e3o Miguel e Almas)<\/u><\/b><br \/>\n<i>*A capela fica na Rua Pedro Albanese, 49 &#8211; Bairro Graminha<\/i><\/p>\n<p><b>At\u00e9 27 de outubro \u2013 Novena\u00a0<\/b><br \/>\n19h \u2013 Missa<\/p>\n<p><b>Dia 28 de outubro \u2013 Domingo \u2013 Dia de S\u00e3o Judas Tadeu<\/b><br \/>\n9h \u2013 Carreata<br \/>\n10h \u2013 Missa<br \/>\n18h30 \u2013 Prociss\u00e3o saindo da rodovi\u00e1ria em dire\u00e7\u00e3o \u00e0 capela, onde haver\u00e1 missa<\/p>\n<p><b><u>Capela S\u00e3o Judas Tadeu &#8211; S\u00e3o Jo\u00e3o Nepomuceno\/MG (pertencente \u00e0 Par\u00f3quia S\u00e3o Jo\u00e3o Nepomuceno)<\/u><\/b><br \/>\n<i>*A capela fica na Rua Mateus Caldas de Oliveira, 207 \u2013 Bairro Alto dos Pinheiros<\/i><\/p>\n<p><b>De 26 a 28 de outubro \u2013 Tr\u00edduo\u00a0<\/b><br \/>\n<b><\/b><\/p>\n<p><b>Dia 26 de outubro \u2013 Sexta-feira<\/b><\/p>\n<p>19h \u2013 Missa<\/p>\n<p><b>Dia 27 de outubro \u2013 S\u00e1bado<\/b><\/p>\n<p>19h \u2013 Missa Sertaneja<\/p>\n<p><b>Dia 28 de outubro \u2013 Domingo<\/b><\/p>\n<p>17h30 \u2013 Prociss\u00e3o seguida de Missa Solene<\/p>\n<p><i>*Haver\u00e1 funcionamento de barraquinhas e show de pr\u00eamios todos os dias.<\/i><\/p>\n","protected":false},"excerpt":{"rendered":"<p>A Igreja Cat\u00f3lica faz mem\u00f3ria a S\u00e3o Judas Tadeu, padroeiro das causas imposs\u00edveis, no pr\u00f3ximo domingo, dia 28 de outubro. Na Arquidiocese de Juiz de Fora h\u00e1 v\u00e1rias igrejas dedicadas ao santo, e todas elas prepararam programa\u00e7\u00f5es especiais. No santu\u00e1rio localizado no Bairro Furtado de Menezes, a novena come\u00e7ou no \u00faltimo dia 19 e ir\u00e1 [&hellip;]<\/p>\n","protected":false},"author":96,"featured_media":0,"comment_status":"closed","ping_status":"closed","sticky":false,"template":"","format":"standard","meta":{"footnotes":""},"categories":[253,439],"tags":[],"class_list":["post-123565","post","type-post","status-publish","format-standard","hentry","category-cidade","category-ultima-hora"],"_links":{"self":[{"href":"https:\/\/diarioregionaldigital.com.br\/index.php?rest_route=\/wp\/v2\/posts\/123565","targetHints":{"allow":["GET"]}}],"collection":[{"href":"https:\/\/diarioregionaldigital.com.br\/index.php?rest_route=\/wp\/v2\/posts"}],"about":[{"href":"https:\/\/diarioregionaldigital.com.br\/index.php?rest_route=\/wp\/v2\/types\/post"}],"author":[{"embeddable":true,"href":"https:\/\/diarioregionaldigital.com.br\/index.php?rest_route=\/wp\/v2\/users\/96"}],"replies":[{"embeddable":true,"href":"https:\/\/diarioregionaldigital.com.br\/index.php?rest_route=%2Fwp%2Fv2%2Fcomments&post=123565"}],"version-history":[{"count":0,"href":"https:\/\/diarioregionaldigital.com.br\/index.php?rest_route=\/wp\/v2\/posts\/123565\/revisions"}],"wp:attachment":[{"href":"https:\/\/diarioregionaldigital.com.br\/index.php?rest_route=%2Fwp%2Fv2%2Fmedia&parent=123565"}],"wp:term":[{"taxonomy":"category","embeddable":true,"href":"https:\/\/diarioregionaldigital.com.br\/index.php?rest_route=%2Fwp%2Fv2%2Fcategories&post=123565"},{"taxonomy":"post_tag","embeddable":true,"href":"https:\/\/diarioregionaldigital.com.br\/index.php?rest_route=%2Fwp%2Fv2%2Ftags&post=123565"}],"curies":[{"name":"wp","href":"https:\/\/api.w.org\/{rel}","templated":true}]}}