{"id":123547,"date":"2018-10-23T10:17:20","date_gmt":"2018-10-23T12:17:20","guid":{"rendered":"https:\/\/diarioregionaldigital.com.br\/?p=123547"},"modified":"2018-10-23T10:18:24","modified_gmt":"2018-10-23T12:18:24","slug":"homens-sao-presos-por-tentativa-de-homicidio-no-centro-de-jf","status":"publish","type":"post","link":"https:\/\/diarioregionaldigital.com.br\/?p=123547","title":{"rendered":"Homens s\u00e3o presos por tentativa de homic\u00eddio no Centro de JF"},"content":{"rendered":"<p>A Pol\u00edcia Militar (PM) registrou na madrugada dessa ter\u00e7a-feira, 23, uma tentativa de homic\u00eddio no Centro de Juiz de Fora. A v\u00edtima \u00e9 um jovem, de 26 anos, que est\u00e1 internado em estado grave no Hospital de Pronto Socorro Dr. Mozart Teixeira\u00a0(HPS).<\/p>\n<p>Uma viatura da PM passava pela Rua Doutor Paulo Frontini quando encontrou a v\u00edtima correndo com um ferimento no abd\u00f4men.<\/p>\n<p>Segundo relato de um morador de rua, de 30 anos, que estava no local no momento do crime, pouco antes da chegada dos policiais, ele jantava na rua quando foi abordado por dois homens, um deles armado com uma faca, que queriam saber o paradeiro de um terceiro indiv\u00edduo. Como n\u00e3o obtiveram a informa\u00e7\u00e3o que queriam, os autores foram embora.<\/p>\n<p>Com as caracter\u00edsticas dos autores, os policiais militares realizaram rastreamento na regi\u00e3o e encontraram os dois na Rua S\u00e3o Sebasti\u00e3o, a cerca de 1km do local do crime. Eles possuem 26 e 28 anos e foram presos. A arma usada no crime n\u00e3o foi encontrada.<\/p>\n<p>A v\u00edtima permanece internada em estado grave no HPS, onde foi diagnosticada pela equipe m\u00e9dica com ferimento na regi\u00e3o do abd\u00f4men.<\/p>\n","protected":false},"excerpt":{"rendered":"<p>A Pol\u00edcia Militar (PM) registrou na madrugada dessa ter\u00e7a-feira, 23, uma tentativa de homic\u00eddio no Centro de Juiz de Fora. A v\u00edtima \u00e9 um jovem, de 26 anos, que est\u00e1 internado em estado grave no Hospital de Pronto Socorro Dr. Mozart Teixeira\u00a0(HPS). Uma viatura da PM passava pela Rua Doutor Paulo Frontini quando encontrou a [&hellip;]<\/p>\n","protected":false},"author":96,"featured_media":97342,"comment_status":"closed","ping_status":"closed","sticky":false,"template":"","format":"standard","meta":{"footnotes":""},"categories":[301],"tags":[],"class_list":["post-123547","post","type-post","status-publish","format-standard","has-post-thumbnail","hentry","category-artigos-policiais"],"_links":{"self":[{"href":"https:\/\/diarioregionaldigital.com.br\/index.php?rest_route=\/wp\/v2\/posts\/123547","targetHints":{"allow":["GET"]}}],"collection":[{"href":"https:\/\/diarioregionaldigital.com.br\/index.php?rest_route=\/wp\/v2\/posts"}],"about":[{"href":"https:\/\/diarioregionaldigital.com.br\/index.php?rest_route=\/wp\/v2\/types\/post"}],"author":[{"embeddable":true,"href":"https:\/\/diarioregionaldigital.com.br\/index.php?rest_route=\/wp\/v2\/users\/96"}],"replies":[{"embeddable":true,"href":"https:\/\/diarioregionaldigital.com.br\/index.php?rest_route=%2Fwp%2Fv2%2Fcomments&post=123547"}],"version-history":[{"count":0,"href":"https:\/\/diarioregionaldigital.com.br\/index.php?rest_route=\/wp\/v2\/posts\/123547\/revisions"}],"wp:featuredmedia":[{"embeddable":true,"href":"https:\/\/diarioregionaldigital.com.br\/index.php?rest_route=\/wp\/v2\/media\/97342"}],"wp:attachment":[{"href":"https:\/\/diarioregionaldigital.com.br\/index.php?rest_route=%2Fwp%2Fv2%2Fmedia&parent=123547"}],"wp:term":[{"taxonomy":"category","embeddable":true,"href":"https:\/\/diarioregionaldigital.com.br\/index.php?rest_route=%2Fwp%2Fv2%2Fcategories&post=123547"},{"taxonomy":"post_tag","embeddable":true,"href":"https:\/\/diarioregionaldigital.com.br\/index.php?rest_route=%2Fwp%2Fv2%2Ftags&post=123547"}],"curies":[{"name":"wp","href":"https:\/\/api.w.org\/{rel}","templated":true}]}}