{"id":123542,"date":"2018-10-23T09:55:06","date_gmt":"2018-10-23T11:55:06","guid":{"rendered":"https:\/\/diarioregionaldigital.com.br\/?p=123542"},"modified":"2018-10-23T09:55:06","modified_gmt":"2018-10-23T11:55:06","slug":"policia-militar-apreende-drogas-e-materiais-usados-no-trafico-na-regiao-nordeste","status":"publish","type":"post","link":"https:\/\/diarioregionaldigital.com.br\/?p=123542","title":{"rendered":"Pol\u00edcia Militar apreende drogas e materiais usados no tr\u00e1fico na regi\u00e3o Nordeste"},"content":{"rendered":"<p>Um homem de 61 anos foi preso nessa segunda-feira, 22, por tr\u00e1fico de drogas. Na casa dele, na Rua Mozart Rodrigues Silva, no Vale dos Bandeirantes, regi\u00e3o Nordeste de Juiz de Fora, a Pol\u00edcia Militar (PM) encontrou grande quantidade de drogas, dinheiro e outros objetos usados na venda de entorpecentes. Os policiais chegaram ao local atrav\u00e9s de uma den\u00fancia feita atrav\u00e9s do telefone 181.<\/p>\n<p>De acordo com a PM, o autor foi encontrado na garagem do pr\u00e9dio com duas buchas de maconha, mas alegou que a droga era apenas para uso pessoal. Por\u00e9m, durante uma revista feita na casa, foram encontrados debaixo de um saco de ra\u00e7\u00e3o para animais uma balan\u00e7a de precis\u00e3o e um tablete de subst\u00e2ncia semelhante \u00e0 maconha.<\/p>\n<p>Uma cadela da equipe de Rondas Ostensivas Com C\u00e3es (ROCCA) tamb\u00e9m foi levada \u00e0 casa para averigua\u00e7\u00e3o. Com a ajuda do animal, foi poss\u00edvel localizar ainda dois tabletes inteiros e um partido de maconha, al\u00e9m de 12 tabletes menores que estavam escondidos no interior de p\u00e9s de mesas de pl\u00e1stico, e buchas da droga em uma pasta de documentos.<\/p>\n<p>A PM localizou e apreendeu tamb\u00e9m um caderno com anota\u00e7\u00f5es suspeitas e R$460 na carteira do autor. O homem disse \u00e0 Pol\u00edcia que o dinheiro seria usado para pagar uma das parcelas da compra de um ve\u00edculo. Ele foi preso em flagrante e os materiais encontrados na resid\u00eancia foram apreendidos.<\/p>\n","protected":false},"excerpt":{"rendered":"<p>Um homem de 61 anos foi preso nessa segunda-feira, 22, por tr\u00e1fico de drogas. Na casa dele, na Rua Mozart Rodrigues Silva, no Vale dos Bandeirantes, regi\u00e3o Nordeste de Juiz de Fora, a Pol\u00edcia Militar (PM) encontrou grande quantidade de drogas, dinheiro e outros objetos usados na venda de entorpecentes. Os policiais chegaram ao local [&hellip;]<\/p>\n","protected":false},"author":96,"featured_media":97342,"comment_status":"closed","ping_status":"closed","sticky":false,"template":"","format":"standard","meta":{"footnotes":""},"categories":[301],"tags":[],"class_list":["post-123542","post","type-post","status-publish","format-standard","has-post-thumbnail","hentry","category-artigos-policiais"],"_links":{"self":[{"href":"https:\/\/diarioregionaldigital.com.br\/index.php?rest_route=\/wp\/v2\/posts\/123542","targetHints":{"allow":["GET"]}}],"collection":[{"href":"https:\/\/diarioregionaldigital.com.br\/index.php?rest_route=\/wp\/v2\/posts"}],"about":[{"href":"https:\/\/diarioregionaldigital.com.br\/index.php?rest_route=\/wp\/v2\/types\/post"}],"author":[{"embeddable":true,"href":"https:\/\/diarioregionaldigital.com.br\/index.php?rest_route=\/wp\/v2\/users\/96"}],"replies":[{"embeddable":true,"href":"https:\/\/diarioregionaldigital.com.br\/index.php?rest_route=%2Fwp%2Fv2%2Fcomments&post=123542"}],"version-history":[{"count":0,"href":"https:\/\/diarioregionaldigital.com.br\/index.php?rest_route=\/wp\/v2\/posts\/123542\/revisions"}],"wp:featuredmedia":[{"embeddable":true,"href":"https:\/\/diarioregionaldigital.com.br\/index.php?rest_route=\/wp\/v2\/media\/97342"}],"wp:attachment":[{"href":"https:\/\/diarioregionaldigital.com.br\/index.php?rest_route=%2Fwp%2Fv2%2Fmedia&parent=123542"}],"wp:term":[{"taxonomy":"category","embeddable":true,"href":"https:\/\/diarioregionaldigital.com.br\/index.php?rest_route=%2Fwp%2Fv2%2Fcategories&post=123542"},{"taxonomy":"post_tag","embeddable":true,"href":"https:\/\/diarioregionaldigital.com.br\/index.php?rest_route=%2Fwp%2Fv2%2Ftags&post=123542"}],"curies":[{"name":"wp","href":"https:\/\/api.w.org\/{rel}","templated":true}]}}