{"id":123538,"date":"2018-10-23T09:10:09","date_gmt":"2018-10-23T11:10:09","guid":{"rendered":"https:\/\/diarioregionaldigital.com.br\/?p=123538"},"modified":"2018-10-23T09:14:45","modified_gmt":"2018-10-23T11:14:45","slug":"pedestres-sao-assaltados-nas-regioes-sul-e-norte-de-juiz-de-fora","status":"publish","type":"post","link":"https:\/\/diarioregionaldigital.com.br\/?p=123538","title":{"rendered":"Pedestres s\u00e3o assaltados nas regi\u00f5es Sul e Norte de Juiz de Fora"},"content":{"rendered":"<p>Cinco pedestres foram v\u00edtimas de assalto nessa segunda-feira, 22, em Juiz de Fora. Os casos aconteceram nas regi\u00f5es Norte e Sul da cidade.<\/p>\n<p>O primeiro registro feito pela Pol\u00edcia Militar (PM) foi no bairro Ara\u00fajo, zona Norte, \u00e0s 14h. Uma jovem, de 21 anos, estava a caminho do trabalho, passando pela Rua Maria Eug\u00eania, quando foi abordada por um homem. Segundo ela, o autor a segurou por tr\u00e1s, tapou sua boca para que ela n\u00e3o emitisse nenhum ru\u00eddo e, em seguida, roubou o telefone dela, al\u00e9m da quantia de R$350 que ela carregava debaixo do bra\u00e7o.<\/p>\n<p>O assaltante ainda amea\u00e7ou a jovem dizendo que atiraria contra ela. Logo ap\u00f3s, ele fugiu e n\u00e3o foi encontrado pela PM.<\/p>\n<p>O segundo caso aconteceu tamb\u00e9m com uma mulher, no bairro S\u00e3o Mateus, zona Sul. Ela estava na Rua Doutor Jos\u00e9 Barbosa, pr\u00f3ximo \u00e0 esquina com a Rua Mamor\u00e9, por volta das 14h30, quando um indiv\u00edduo armado com uma faca a amea\u00e7ou.<\/p>\n<p>De acordo com a jovem, que tem 25 anos, o autor gritava \u201cperdeu, perdeu\u201d e dizia que caso ela n\u00e3o entregasse o celular, ele iria \u201cenfiar a faca\u201d nela. Com medo, ela entregou o aparelho e o homem fugiu com ele. Apesar do rastreamento policial, o assaltante n\u00e3o foi encontrado.<\/p>\n<p>Tamb\u00e9m por volta das 14h30, outro assalto acontecia em Juiz de Fora, dessa vez, no bairro Benfica. Uma mulher, de 36 anos, passava pela Rua Diogo Alvares com um adolescente de 12 anos, quando os dois foram abordados por um homem. A princ\u00edpio, o indiv\u00edduo apenas perguntou as horas, mas, em seguida, agarrou a mulher pelo bra\u00e7o e colocou a m\u00e3o nas costas da v\u00edtima dizendo estar armado. Ap\u00f3s conseguir pegar o celular, o homem fugiu.<\/p>\n<p>A v\u00edtima contou aos policiais que outro homem estava dando cobertura ao assaltante. Esse comparsa \u00e9 conhecido na regi\u00e3o e acabou sendo encontrado e preso pela PM.<\/p>\n<p>Ainda no bairro Benfica, uma adolescente, de 17 anos, foi assaltada durante a tarde na Rua Bento Gon\u00e7alves. Ela estava indo para o trabalho quando foi abordado por um indiv\u00edduo que,\u00a0 levando a m\u00e3o \u00e0 cintura, disse estar armado e exigiu que a v\u00edtima entregasse o que tinha. A menor deu a ele a quantia de R$250 que tinha na bolsa. Feito isso, o homem fugiu.<\/p>\n","protected":false},"excerpt":{"rendered":"<p>Cinco pedestres foram v\u00edtimas de assalto nessa segunda-feira, 22, em Juiz de Fora. Os casos aconteceram nas regi\u00f5es Norte e Sul da cidade. O primeiro registro feito pela Pol\u00edcia Militar (PM) foi no bairro Ara\u00fajo, zona Norte, \u00e0s 14h. Uma jovem, de 21 anos, estava a caminho do trabalho, passando pela Rua Maria Eug\u00eania, quando [&hellip;]<\/p>\n","protected":false},"author":96,"featured_media":97342,"comment_status":"closed","ping_status":"closed","sticky":false,"template":"","format":"standard","meta":{"footnotes":""},"categories":[301],"tags":[],"class_list":["post-123538","post","type-post","status-publish","format-standard","has-post-thumbnail","hentry","category-artigos-policiais"],"_links":{"self":[{"href":"https:\/\/diarioregionaldigital.com.br\/index.php?rest_route=\/wp\/v2\/posts\/123538","targetHints":{"allow":["GET"]}}],"collection":[{"href":"https:\/\/diarioregionaldigital.com.br\/index.php?rest_route=\/wp\/v2\/posts"}],"about":[{"href":"https:\/\/diarioregionaldigital.com.br\/index.php?rest_route=\/wp\/v2\/types\/post"}],"author":[{"embeddable":true,"href":"https:\/\/diarioregionaldigital.com.br\/index.php?rest_route=\/wp\/v2\/users\/96"}],"replies":[{"embeddable":true,"href":"https:\/\/diarioregionaldigital.com.br\/index.php?rest_route=%2Fwp%2Fv2%2Fcomments&post=123538"}],"version-history":[{"count":0,"href":"https:\/\/diarioregionaldigital.com.br\/index.php?rest_route=\/wp\/v2\/posts\/123538\/revisions"}],"wp:featuredmedia":[{"embeddable":true,"href":"https:\/\/diarioregionaldigital.com.br\/index.php?rest_route=\/wp\/v2\/media\/97342"}],"wp:attachment":[{"href":"https:\/\/diarioregionaldigital.com.br\/index.php?rest_route=%2Fwp%2Fv2%2Fmedia&parent=123538"}],"wp:term":[{"taxonomy":"category","embeddable":true,"href":"https:\/\/diarioregionaldigital.com.br\/index.php?rest_route=%2Fwp%2Fv2%2Fcategories&post=123538"},{"taxonomy":"post_tag","embeddable":true,"href":"https:\/\/diarioregionaldigital.com.br\/index.php?rest_route=%2Fwp%2Fv2%2Ftags&post=123538"}],"curies":[{"name":"wp","href":"https:\/\/api.w.org\/{rel}","templated":true}]}}