{"id":123528,"date":"2018-10-23T06:00:15","date_gmt":"2018-10-23T08:00:15","guid":{"rendered":"https:\/\/diarioregionaldigital.com.br\/?p=123528"},"modified":"2018-10-23T00:35:38","modified_gmt":"2018-10-23T02:35:38","slug":"prefeitura-municipal-de-descoberto-23-10-18","status":"publish","type":"post","link":"https:\/\/diarioregionaldigital.com.br\/?p=123528","title":{"rendered":"Prefeitura Municipal de Descoberto &#8211; 23\/10\/18"},"content":{"rendered":"<p>&nbsp;<\/p>\n<p style=\"text-align: center;\"><strong>EXTRATO DE CONTRATO<\/strong><\/p>\n<p style=\"text-align: center;\">Pref. Municipal de Descoberto x Posto Brotinho Ltda- EPP &#8211; AQUISI\u00c7\u00c3O DE COMBUST\u00cdVEL PARA DIVERSOS SETORES DA PREFEITURA \u2013 Fundamento: Inexigibilidade n\u00ba 010\/2018\u00a0 &#8211;\u00a0 Valor Global: 359.550,30 &#8211; Vig\u00eancia: 3 meses &#8211;\u00a0 Dot or\u00e7: 02.06000.15.122.0002.202-339030\/100- 02.01000.04.122.0002.202-339030\/100- 02.02000.04.181.0002.223-339030\/100- 02.07001.08.243.0002.225-339030\/100- 02.04002.12.361.0003.256-339030\/119- 02.05002.10.301.0004.285-339030\/102\u00a0 &#8211; Ass: 18\/10\/2018- Foro: S\u00e3o Jo\u00e3o Nepomuceno\/MG.<\/p>\n<p style=\"text-align: center;\"><strong>Marcos de Ara\u00fajo Lima<\/strong><\/p>\n<p style=\"text-align: center;\"><strong>Prefeito Municipal<\/strong><\/p>\n<p>&nbsp;<\/p>\n","protected":false},"excerpt":{"rendered":"<p>&nbsp; EXTRATO DE CONTRATO Pref. Municipal de Descoberto x Posto Brotinho Ltda- EPP &#8211; AQUISI\u00c7\u00c3O DE COMBUST\u00cdVEL PARA DIVERSOS SETORES DA PREFEITURA \u2013 Fundamento: Inexigibilidade n\u00ba 010\/2018\u00a0 &#8211;\u00a0 Valor Global: 359.550,30 &#8211; Vig\u00eancia: 3 meses &#8211;\u00a0 Dot or\u00e7: 02.06000.15.122.0002.202-339030\/100- 02.01000.04.122.0002.202-339030\/100- 02.02000.04.181.0002.223-339030\/100- 02.07001.08.243.0002.225-339030\/100- 02.04002.12.361.0003.256-339030\/119- 02.05002.10.301.0004.285-339030\/102\u00a0 &#8211; Ass: 18\/10\/2018- Foro: S\u00e3o Jo\u00e3o Nepomuceno\/MG. Marcos de Ara\u00fajo Lima [&hellip;]<\/p>\n","protected":false},"author":96,"featured_media":0,"comment_status":"closed","ping_status":"closed","sticky":false,"template":"","format":"standard","meta":{"footnotes":""},"categories":[307],"tags":[],"class_list":["post-123528","post","type-post","status-publish","format-standard","hentry","category-editais"],"_links":{"self":[{"href":"https:\/\/diarioregionaldigital.com.br\/index.php?rest_route=\/wp\/v2\/posts\/123528","targetHints":{"allow":["GET"]}}],"collection":[{"href":"https:\/\/diarioregionaldigital.com.br\/index.php?rest_route=\/wp\/v2\/posts"}],"about":[{"href":"https:\/\/diarioregionaldigital.com.br\/index.php?rest_route=\/wp\/v2\/types\/post"}],"author":[{"embeddable":true,"href":"https:\/\/diarioregionaldigital.com.br\/index.php?rest_route=\/wp\/v2\/users\/96"}],"replies":[{"embeddable":true,"href":"https:\/\/diarioregionaldigital.com.br\/index.php?rest_route=%2Fwp%2Fv2%2Fcomments&post=123528"}],"version-history":[{"count":0,"href":"https:\/\/diarioregionaldigital.com.br\/index.php?rest_route=\/wp\/v2\/posts\/123528\/revisions"}],"wp:attachment":[{"href":"https:\/\/diarioregionaldigital.com.br\/index.php?rest_route=%2Fwp%2Fv2%2Fmedia&parent=123528"}],"wp:term":[{"taxonomy":"category","embeddable":true,"href":"https:\/\/diarioregionaldigital.com.br\/index.php?rest_route=%2Fwp%2Fv2%2Fcategories&post=123528"},{"taxonomy":"post_tag","embeddable":true,"href":"https:\/\/diarioregionaldigital.com.br\/index.php?rest_route=%2Fwp%2Fv2%2Ftags&post=123528"}],"curies":[{"name":"wp","href":"https:\/\/api.w.org\/{rel}","templated":true}]}}