{"id":123518,"date":"2018-10-22T21:57:08","date_gmt":"2018-10-22T23:57:08","guid":{"rendered":"https:\/\/diarioregionaldigital.com.br\/?p=123518"},"modified":"2018-10-22T21:57:08","modified_gmt":"2018-10-22T23:57:08","slug":"diego-alves-fica-sem-clima-no-flamengo","status":"publish","type":"post","link":"https:\/\/diarioregionaldigital.com.br\/?p=123518","title":{"rendered":"Diego Alves fica sem clima no Flamengo"},"content":{"rendered":"<p>Independentemente da decis\u00e3o da diretoria sobre o futuro do goleiro Diego Alves, o fato \u00e9 que o jogador ficou sem ambiente no clube ap\u00f3s se recusar a viajar com o restante da delega\u00e7\u00e3o para Curitiba (PR), onde na noite de domingo o Rubro \u2013 Negro\u00a0 goleou o Paran\u00e1\u00a0por 4 a 0, mantendo vivas as chances de lutar pelo t\u00edtulo do Campeonato Brasileiro. O jogador n\u00e3o quis seguir com o grupo por entender que n\u00e3o deveria ser reserva de Cesar, mesmo tendo ficado um m\u00eas parado devido a uma les\u00e3o na coxa direita.<\/p>\n<p>A decis\u00e3o do jogador repercutiu muito mal junto ao restante do elenco, que viu a escolha como ego\u00edsta e sem pensar no grupo, j\u00e1 que o Flamengo vem tentando uma arrancada para superar o l\u00edder Palmeiras e ser campe\u00e3o.<\/p>\n<p>Nenhum jogador quis falar abertamente sobre o epis\u00f3dio, por\u00e9m, o meia Diego, que tamb\u00e9m foi barrado ap\u00f3s se recuperar de dores na coxa direita, deu o tom do pensamento do plantel ao ser perguntado se estava irritado por ter come\u00e7ado o jogo com o Paran\u00e1 no banco de reservas.<\/p>\n<p><strong>Fonte: Gazeta Press<\/strong><\/p>\n<p>&nbsp;<\/p>\n","protected":false},"excerpt":{"rendered":"<p>Independentemente da decis\u00e3o da diretoria sobre o futuro do goleiro Diego Alves, o fato \u00e9 que o jogador ficou sem ambiente no clube ap\u00f3s se recusar a viajar com o restante da delega\u00e7\u00e3o para Curitiba (PR), onde na noite de domingo o Rubro \u2013 Negro\u00a0 goleou o Paran\u00e1\u00a0por 4 a 0, mantendo vivas as chances [&hellip;]<\/p>\n","protected":false},"author":96,"featured_media":123519,"comment_status":"closed","ping_status":"closed","sticky":false,"template":"","format":"standard","meta":{"footnotes":""},"categories":[257,439],"tags":[],"class_list":["post-123518","post","type-post","status-publish","format-standard","has-post-thumbnail","hentry","category-esporte","category-ultima-hora"],"_links":{"self":[{"href":"https:\/\/diarioregionaldigital.com.br\/index.php?rest_route=\/wp\/v2\/posts\/123518","targetHints":{"allow":["GET"]}}],"collection":[{"href":"https:\/\/diarioregionaldigital.com.br\/index.php?rest_route=\/wp\/v2\/posts"}],"about":[{"href":"https:\/\/diarioregionaldigital.com.br\/index.php?rest_route=\/wp\/v2\/types\/post"}],"author":[{"embeddable":true,"href":"https:\/\/diarioregionaldigital.com.br\/index.php?rest_route=\/wp\/v2\/users\/96"}],"replies":[{"embeddable":true,"href":"https:\/\/diarioregionaldigital.com.br\/index.php?rest_route=%2Fwp%2Fv2%2Fcomments&post=123518"}],"version-history":[{"count":0,"href":"https:\/\/diarioregionaldigital.com.br\/index.php?rest_route=\/wp\/v2\/posts\/123518\/revisions"}],"wp:featuredmedia":[{"embeddable":true,"href":"https:\/\/diarioregionaldigital.com.br\/index.php?rest_route=\/wp\/v2\/media\/123519"}],"wp:attachment":[{"href":"https:\/\/diarioregionaldigital.com.br\/index.php?rest_route=%2Fwp%2Fv2%2Fmedia&parent=123518"}],"wp:term":[{"taxonomy":"category","embeddable":true,"href":"https:\/\/diarioregionaldigital.com.br\/index.php?rest_route=%2Fwp%2Fv2%2Fcategories&post=123518"},{"taxonomy":"post_tag","embeddable":true,"href":"https:\/\/diarioregionaldigital.com.br\/index.php?rest_route=%2Fwp%2Fv2%2Ftags&post=123518"}],"curies":[{"name":"wp","href":"https:\/\/api.w.org\/{rel}","templated":true}]}}