{"id":123511,"date":"2018-10-22T21:51:34","date_gmt":"2018-10-22T23:51:34","guid":{"rendered":"https:\/\/diarioregionaldigital.com.br\/?p=123511"},"modified":"2018-10-22T21:53:37","modified_gmt":"2018-10-22T23:53:37","slug":"galaticas-e-campea-da-1a-copa-uniao-das-vilas-de-fut-7-feminino","status":"publish","type":"post","link":"https:\/\/diarioregionaldigital.com.br\/?p=123511","title":{"rendered":"Gal\u00e1ticas \u00e9 campe\u00e3 da \u201c1\u00aa Copa Uni\u00e3o das Vilas de Fut 7 Feminino\u201d"},"content":{"rendered":"<p>No campo do N\u00facleo Travessia, a arquibancada e os arredores da grade estavam cheios de torcedores, que foram acompanhar as atletas que disputariam os tr\u00eas primeiros lugares da \u201c1\u00aa Copa Uni\u00e3o das Vilas de Fut 7 Feminino\u201d. Nem o sol quente da tarde de domingo, 21, impediu as meninas de correrem atr\u00e1s do melhor resultado. E a Gal\u00e1ticas confirmou a invencibilidade e venceu a equipe do R.D.F. por 1 a 0. A disputa pelo terceiro lugar terminou em 0 a 0 e foi para os p\u00eanaltis. Quem levou a melhor foi o time do Mirante FC, vencendo por 2 a 1 ao For\u00e7a Jovem FC, que conquistou o trof\u00e9u de equipe mais disciplinada, sem nenhum cart\u00e3o amarelo.<\/p>\n<p>A premia\u00e7\u00e3o de defesa menos vazada foi para a equipe campe\u00e3, que levou somente um gol durante todo o campeonato. A Gal\u00e1ticas recebeu homenagem tamb\u00e9m pela jogadora Eliene Caroline, que recebeu o t\u00edtulo de atleta revela\u00e7\u00e3o do torneio. N\u00e9dia Cristina Santos, de 54 anos, jogou pelo For\u00e7a Jovem, e foi homenageada como atleta mais experiente. Renata Marques, do R.D.F., conquistou a artilharia, com cinco gols.<\/p>\n<p>O torneio foi organizado pela Secretaria de Esporte e Lazer (SEL), em chave \u00fanica. Seis times se enfrentaram no sistema de dupla eliminat\u00f3ria. A competi\u00e7\u00e3o foi idealizada pela Associa\u00e7\u00e3o Comunit\u00e1ria de Moradores da Vila Olavo Costa, em parceria com a Secretaria de Desenvolvimento Social (SDS) da Prefeitura de Juiz de Fora (PJF) e contou com arbitragem da Liga Regional de Fut 7. Cerca de 80 pessoas participaram, entre jogadoras e comiss\u00f5es t\u00e9cnicas.<\/p>\n<p><b>Foto:<\/b>\u00a0Divulga\u00e7\u00e3o<\/p>\n","protected":false},"excerpt":{"rendered":"<p>No campo do N\u00facleo Travessia, a arquibancada e os arredores da grade estavam cheios de torcedores, que foram acompanhar as atletas que disputariam os tr\u00eas primeiros lugares da \u201c1\u00aa Copa Uni\u00e3o das Vilas de Fut 7 Feminino\u201d. Nem o sol quente da tarde de domingo, 21, impediu as meninas de correrem atr\u00e1s do melhor resultado. [&hellip;]<\/p>\n","protected":false},"author":96,"featured_media":123515,"comment_status":"closed","ping_status":"closed","sticky":false,"template":"","format":"standard","meta":{"footnotes":""},"categories":[257,439],"tags":[],"class_list":["post-123511","post","type-post","status-publish","format-standard","has-post-thumbnail","hentry","category-esporte","category-ultima-hora"],"_links":{"self":[{"href":"https:\/\/diarioregionaldigital.com.br\/index.php?rest_route=\/wp\/v2\/posts\/123511","targetHints":{"allow":["GET"]}}],"collection":[{"href":"https:\/\/diarioregionaldigital.com.br\/index.php?rest_route=\/wp\/v2\/posts"}],"about":[{"href":"https:\/\/diarioregionaldigital.com.br\/index.php?rest_route=\/wp\/v2\/types\/post"}],"author":[{"embeddable":true,"href":"https:\/\/diarioregionaldigital.com.br\/index.php?rest_route=\/wp\/v2\/users\/96"}],"replies":[{"embeddable":true,"href":"https:\/\/diarioregionaldigital.com.br\/index.php?rest_route=%2Fwp%2Fv2%2Fcomments&post=123511"}],"version-history":[{"count":0,"href":"https:\/\/diarioregionaldigital.com.br\/index.php?rest_route=\/wp\/v2\/posts\/123511\/revisions"}],"wp:featuredmedia":[{"embeddable":true,"href":"https:\/\/diarioregionaldigital.com.br\/index.php?rest_route=\/wp\/v2\/media\/123515"}],"wp:attachment":[{"href":"https:\/\/diarioregionaldigital.com.br\/index.php?rest_route=%2Fwp%2Fv2%2Fmedia&parent=123511"}],"wp:term":[{"taxonomy":"category","embeddable":true,"href":"https:\/\/diarioregionaldigital.com.br\/index.php?rest_route=%2Fwp%2Fv2%2Fcategories&post=123511"},{"taxonomy":"post_tag","embeddable":true,"href":"https:\/\/diarioregionaldigital.com.br\/index.php?rest_route=%2Fwp%2Fv2%2Ftags&post=123511"}],"curies":[{"name":"wp","href":"https:\/\/api.w.org\/{rel}","templated":true}]}}