{"id":123508,"date":"2018-10-23T06:00:43","date_gmt":"2018-10-23T08:00:43","guid":{"rendered":"https:\/\/diarioregionaldigital.com.br\/?p=123508"},"modified":"2018-10-23T21:27:18","modified_gmt":"2018-10-23T23:27:18","slug":"edital-de-citacao-sergio-ferreira-23-10-18","status":"publish","type":"post","link":"https:\/\/diarioregionaldigital.com.br\/?p=123508","title":{"rendered":"Edital de Cita\u00e7\u00e3o &#8211; S\u00e9rgio Ferreira 24\/10\/18"},"content":{"rendered":"<p><img loading=\"lazy\" decoding=\"async\" class=\"aligncenter wp-image-123506\" src=\"https:\/\/diarioregionaldigital.com.br\/wp-content\/uploads\/2018\/10\/EDITAL-DE-CITA\u00c7\u00c3O-EDITAL-BOX-100.jpg\" alt=\"\" width=\"500\" height=\"788\" srcset=\"https:\/\/diarioregionaldigital.com.br\/wp-content\/uploads\/2018\/10\/EDITAL-DE-CITA\u00c7\u00c3O-EDITAL-BOX-100.jpg 1299w, https:\/\/diarioregionaldigital.com.br\/wp-content\/uploads\/2018\/10\/EDITAL-DE-CITA\u00c7\u00c3O-EDITAL-BOX-100-190x300.jpg 190w, https:\/\/diarioregionaldigital.com.br\/wp-content\/uploads\/2018\/10\/EDITAL-DE-CITA\u00c7\u00c3O-EDITAL-BOX-100-768x1210.jpg 768w, https:\/\/diarioregionaldigital.com.br\/wp-content\/uploads\/2018\/10\/EDITAL-DE-CITA\u00c7\u00c3O-EDITAL-BOX-100-650x1024.jpg 650w, https:\/\/diarioregionaldigital.com.br\/wp-content\/uploads\/2018\/10\/EDITAL-DE-CITA\u00c7\u00c3O-EDITAL-BOX-100-360x567.jpg 360w\" sizes=\"auto, (max-width: 500px) 100vw, 500px\" \/><\/p>\n","protected":false},"excerpt":{"rendered":"","protected":false},"author":96,"featured_media":0,"comment_status":"closed","ping_status":"closed","sticky":false,"template":"","format":"standard","meta":{"footnotes":""},"categories":[307],"tags":[],"class_list":["post-123508","post","type-post","status-publish","format-standard","hentry","category-editais"],"_links":{"self":[{"href":"https:\/\/diarioregionaldigital.com.br\/index.php?rest_route=\/wp\/v2\/posts\/123508","targetHints":{"allow":["GET"]}}],"collection":[{"href":"https:\/\/diarioregionaldigital.com.br\/index.php?rest_route=\/wp\/v2\/posts"}],"about":[{"href":"https:\/\/diarioregionaldigital.com.br\/index.php?rest_route=\/wp\/v2\/types\/post"}],"author":[{"embeddable":true,"href":"https:\/\/diarioregionaldigital.com.br\/index.php?rest_route=\/wp\/v2\/users\/96"}],"replies":[{"embeddable":true,"href":"https:\/\/diarioregionaldigital.com.br\/index.php?rest_route=%2Fwp%2Fv2%2Fcomments&post=123508"}],"version-history":[{"count":0,"href":"https:\/\/diarioregionaldigital.com.br\/index.php?rest_route=\/wp\/v2\/posts\/123508\/revisions"}],"wp:attachment":[{"href":"https:\/\/diarioregionaldigital.com.br\/index.php?rest_route=%2Fwp%2Fv2%2Fmedia&parent=123508"}],"wp:term":[{"taxonomy":"category","embeddable":true,"href":"https:\/\/diarioregionaldigital.com.br\/index.php?rest_route=%2Fwp%2Fv2%2Fcategories&post=123508"},{"taxonomy":"post_tag","embeddable":true,"href":"https:\/\/diarioregionaldigital.com.br\/index.php?rest_route=%2Fwp%2Fv2%2Ftags&post=123508"}],"curies":[{"name":"wp","href":"https:\/\/api.w.org\/{rel}","templated":true}]}}