{"id":123504,"date":"2018-10-22T21:42:32","date_gmt":"2018-10-22T23:42:32","guid":{"rendered":"https:\/\/diarioregionaldigital.com.br\/?p=123504"},"modified":"2018-10-22T21:42:32","modified_gmt":"2018-10-22T23:42:32","slug":"corrida-solidaria-da-ascomcer-reuniu-cerca-de-1500-participantes","status":"publish","type":"post","link":"https:\/\/diarioregionaldigital.com.br\/?p=123504","title":{"rendered":"Corrida Solid\u00e1ria da Ascomcer reuniu cerca de 1500 participantes"},"content":{"rendered":"<p>Pelo sexta edi\u00e7\u00e3o consecutiva, a Corrida Solid\u00e1ria da Ascomcer coloriu o campus da Universidade Federal de Juiz de Fora, chamando aten\u00e7\u00e3o para a campanha mundial Outubro Rosa, de combate e preven\u00e7\u00e3o ao c\u00e2ncer de mama. Realizada neste domingo, 21, o evento reuniu cerca de 1.500 participantes no trajeto de 5,8km, v\u00e1lido como pen\u00faltima etapa do 32\u00ba Ranking de Corridas da cidade. Dessa vez, foram os juiz-foranos Jocemar Corr\u00eaa (Vis\u00e3o de \u00c1guia\/P\u00e9 de Vento\/Caixa) e Aline Barbosa (Fac. Granbery\/Ed. F\u00edsica\/Mais Bella) que levaram a melhor na disputa.<\/p>\n<p>&nbsp;<\/p>\n<p>Robison Gomes J\u00fanior (Imperadores\/CRIA UFJF), Matheus Batista (Imperadores\/CRIA UFJF), Neemias Alves (Fac. Granbery\/Ed. F\u00edsica) e Adan Arroio de Matos (Imperadores\/CRIA UFJF), respectivamente, completaram a premia\u00e7\u00e3o masculina. Entre as mulheres, mas mesmas posi\u00e7\u00f5es foram ocupadas por Noemi Alves (Imperadores\/CRIA UFJF), Claudete Nunes (ProFit Running), Talita Antunes (VidAtiva) e Andrileia do Carmo (Gemacom Tech\/Tate Lyle).<\/p>\n<p>Por equipes, as tr\u00eas primeiras colocadas masculinas foram Imperadores\/CRIA UFJF (382 pontos), RB Team\/Vem Correr (288) e Super Amigos (245), enquanto as femininas foram garantidas por Nativos (327), Gemacom Tech\/Tate Lyle (326) e ProFit Running (285). Entre os grupos PCD (Pessoas com Defici\u00eancia), o t\u00edtulo ficou com JF Paral\u00edmpico nos masculinos e femininos.<\/p>\n<p>O percurso para os corredores foi de 5,8 km, e passou por algumas faculdades, como Odontologia e Educa\u00e7\u00e3o F\u00edsica. A caminhada foi de 2,3 km, no anel vi\u00e1rio do campus. Ao chegarem, os participantes aproveitaram a pra\u00e7a c\u00edvica da UFJF, com esta\u00e7\u00f5es de brinquedos do JF Lazer, m\u00fasica com Dj Felipe Castro e show da banda Akikal\u00f4, al\u00e9m das diversas tendas com produtos dos patrocinadores. Ao final, aconteceu sorteio de pr\u00eamios.<\/p>\n<p>Os tempos ainda ser\u00e3o oficializados pela coordena\u00e7\u00e3o do Ranking de Corridas de Rua de Juiz de Fora.<\/p>\n<p>A pr\u00f3xima etapa do Ranking de Corridas de Rua de Juiz de Fora \u00e9 a 4\u00aa Corrida Tecnobit Night Run, com percurso de 6,5km de corrida e 3km de caminhada. A prova acontece em 24 de novembro, com largada no Est\u00e1dio Municipal Radialista M\u00e1rio Hel\u00eanio.<\/p>\n<p>&nbsp;<\/p>\n<p><strong>Previna- se<\/strong><\/p>\n<p>Em outubro, monumentos e cidades ficam mais rosa. E isso acontece por causa do Outubro Rosa, um movimento mundial que a cada ano vem ganhando mais for\u00e7a a fim de conscientizar todas as mulheres sobre a import\u00e2ncia da preven\u00e7\u00e3o ao c\u00e2ncer de mama. No Brasil, \u00e9 o tipo de c\u00e2ncer\u00a0que mais causa morte entre as mulheres, perdendo apenas para o de\u00a0pele n\u00e3o melanoma,\u00a0segundo o Instituto Nacional do C\u00e2ncer Jos\u00e9 Alencar Gomes da Silva (INCA). J\u00e1 a Organiza\u00e7\u00e3o Mundial da Sa\u00fade (OMS) alerta que se essa tend\u00eancia continuar, a incid\u00eancia da doen\u00e7a no continente americano pode crescer 46% at\u00e9 2030.<\/p>\n<p>Para reduzir essa estat\u00edstica, o ditado \u2018prevenir \u00e9 melhor que remediar\u2019 torna-se ainda mais verdadeiro, j\u00e1 que a detec\u00e7\u00e3o precoce da doen\u00e7a \u00e9 a forma mais efetiva de combat\u00ea-la. \u201cRealizar a mamografia e as visitas peri\u00f3dicas ao seu m\u00e9dico s\u00e3o fundamentais, j\u00e1 que est\u00e3o diretamente relacionadas ao est\u00e1gio da doen\u00e7a e ao aumento das chances de cura\u201d, afirma a m\u00e9dica oncologista Bruna Pegoretti, diretora do departamento de Medical Intelligence da Evid\u00eancias \u2013 Kantar Health. Al\u00e9m disso, manter h\u00e1bitos saud\u00e1veis aliados \u00e0 pr\u00e1tica de atividades f\u00edsicas tamb\u00e9m s\u00e3o fatores importantes na sa\u00fade da mulher. \u201cParece \u2018clich\u00ea\u2019 falar isso, mas o impacto positivo desses h\u00e1bitos \u00e9 de uma magnitude incr\u00edvel, inclusive existem estudos comprovando que mesmo ap\u00f3s descobrirem o c\u00e2ncer de mama, mulheres que adotam bons h\u00e1bitos t\u00eam redu\u00e7\u00e3o de mortalidade consider\u00e1vel pela doen\u00e7a em rela\u00e7\u00e3o \u00e0s mulheres que seguem com maus h\u00e1bitos\u201d, pontua Pegoretti.<\/p>\n<p>&nbsp;<\/p>\n<p>\u00c9 comum associarem o autoexame como forma de preven\u00e7\u00e3o do c\u00e2ncer de mama at\u00e9 mesmo na divulga\u00e7\u00e3o do Outubro Rosa. Por\u00e9m, especialistas pontuam que apesar do grande apelo informativo, o autoexame n\u00e3o \u00e9 efetivo na detec\u00e7\u00e3o e n\u00e3o pode ser substitu\u00eddo pela mamografia. \u201cJ\u00e1 surgiram estudos h\u00e1 alguns anos que compravam que o autoexame na verdade n\u00e3o ajuda, sendo a mamografia o exame que realmente ir\u00e1 auxiliar na detec\u00e7\u00e3o do diagn\u00f3stico precoce\u201d, alerta Pegoretti.<\/p>\n","protected":false},"excerpt":{"rendered":"<p>Pelo sexta edi\u00e7\u00e3o consecutiva, a Corrida Solid\u00e1ria da Ascomcer coloriu o campus da Universidade Federal de Juiz de Fora, chamando aten\u00e7\u00e3o para a campanha mundial Outubro Rosa, de combate e preven\u00e7\u00e3o ao c\u00e2ncer de mama. Realizada neste domingo, 21, o evento reuniu cerca de 1.500 participantes no trajeto de 5,8km, v\u00e1lido como pen\u00faltima etapa do [&hellip;]<\/p>\n","protected":false},"author":96,"featured_media":123509,"comment_status":"closed","ping_status":"closed","sticky":false,"template":"","format":"standard","meta":{"footnotes":""},"categories":[257,439],"tags":[],"class_list":["post-123504","post","type-post","status-publish","format-standard","has-post-thumbnail","hentry","category-esporte","category-ultima-hora"],"_links":{"self":[{"href":"https:\/\/diarioregionaldigital.com.br\/index.php?rest_route=\/wp\/v2\/posts\/123504","targetHints":{"allow":["GET"]}}],"collection":[{"href":"https:\/\/diarioregionaldigital.com.br\/index.php?rest_route=\/wp\/v2\/posts"}],"about":[{"href":"https:\/\/diarioregionaldigital.com.br\/index.php?rest_route=\/wp\/v2\/types\/post"}],"author":[{"embeddable":true,"href":"https:\/\/diarioregionaldigital.com.br\/index.php?rest_route=\/wp\/v2\/users\/96"}],"replies":[{"embeddable":true,"href":"https:\/\/diarioregionaldigital.com.br\/index.php?rest_route=%2Fwp%2Fv2%2Fcomments&post=123504"}],"version-history":[{"count":0,"href":"https:\/\/diarioregionaldigital.com.br\/index.php?rest_route=\/wp\/v2\/posts\/123504\/revisions"}],"wp:featuredmedia":[{"embeddable":true,"href":"https:\/\/diarioregionaldigital.com.br\/index.php?rest_route=\/wp\/v2\/media\/123509"}],"wp:attachment":[{"href":"https:\/\/diarioregionaldigital.com.br\/index.php?rest_route=%2Fwp%2Fv2%2Fmedia&parent=123504"}],"wp:term":[{"taxonomy":"category","embeddable":true,"href":"https:\/\/diarioregionaldigital.com.br\/index.php?rest_route=%2Fwp%2Fv2%2Fcategories&post=123504"},{"taxonomy":"post_tag","embeddable":true,"href":"https:\/\/diarioregionaldigital.com.br\/index.php?rest_route=%2Fwp%2Fv2%2Ftags&post=123504"}],"curies":[{"name":"wp","href":"https:\/\/api.w.org\/{rel}","templated":true}]}}