{"id":123494,"date":"2018-10-22T19:35:45","date_gmt":"2018-10-22T21:35:45","guid":{"rendered":"https:\/\/diarioregionaldigital.com.br\/?p=123494"},"modified":"2018-10-22T19:36:43","modified_gmt":"2018-10-22T21:36:43","slug":"ubss-receberao-aparelhos-de-eletrocardiograma","status":"publish","type":"post","link":"https:\/\/diarioregionaldigital.com.br\/?p=123494","title":{"rendered":"UBSs receber\u00e3o aparelhos de eletrocardiograma"},"content":{"rendered":"<p>Todas as 63 Unidades B\u00e1sicas de Sa\u00fade (UBSs) de Juiz de Fora receber\u00e3o aparelhos de eletrocardiograma (ECG) at\u00e9 o final deste m\u00eas. Os equipamentos foram adquiridos com recursos de emendas parlamentares e servir\u00e3o para aprimorar os servi\u00e7os oferecidos \u00e0 popula\u00e7\u00e3o, dando agilidade ao atendimento e evitando deslocamento dos usu\u00e1rios. O Departamento de Interna\u00e7\u00e3o Domiciliar (DID) tamb\u00e9m receber\u00e1 o equipamento.<\/p>\n<p>Nos dias 16 e 17 deste m\u00eas, 80 servidores, entre enfermeiros e assistentes de enfermagem, foram capacitados para operar os ECGs nas UBSs, que devem receber os equipamentos na pr\u00f3xima semana.<\/p>\n<p>Os aparelhos possuem tecnologia avan\u00e7ada e s\u00e3o capazes de verificar a exist\u00eancia de problemas com a atividade el\u00e9trica do cora\u00e7\u00e3o, em um procedimento r\u00e1pido, simples e indolor. O recurso permite identificar desde problemas simples at\u00e9 casos muito graves, como infartos, crescimento de cavidades, disritmias, entre outras defici\u00eancias do cora\u00e7\u00e3o.<\/p>\n<p>Os 70 aparelhos foram comprados com recursos de emendas parlamentares dos deputados federais Margarida Salom\u00e3o e Walter Tosta, no valor de R$420 mil.<\/p>\n<p>&nbsp;<\/p>\n<p>Fonte: Assessoria PJF<\/p>\n","protected":false},"excerpt":{"rendered":"<p>Todas as 63 Unidades B\u00e1sicas de Sa\u00fade (UBSs) de Juiz de Fora receber\u00e3o aparelhos de eletrocardiograma (ECG) at\u00e9 o final deste m\u00eas. Os equipamentos foram adquiridos com recursos de emendas parlamentares e servir\u00e3o para aprimorar os servi\u00e7os oferecidos \u00e0 popula\u00e7\u00e3o, dando agilidade ao atendimento e evitando deslocamento dos usu\u00e1rios. O Departamento de Interna\u00e7\u00e3o Domiciliar (DID) [&hellip;]<\/p>\n","protected":false},"author":96,"featured_media":123495,"comment_status":"closed","ping_status":"closed","sticky":false,"template":"","format":"standard","meta":{"footnotes":""},"categories":[253,436,439],"tags":[],"class_list":["post-123494","post","type-post","status-publish","format-standard","has-post-thumbnail","hentry","category-cidade","category-destaque-da-semana","category-ultima-hora"],"_links":{"self":[{"href":"https:\/\/diarioregionaldigital.com.br\/index.php?rest_route=\/wp\/v2\/posts\/123494","targetHints":{"allow":["GET"]}}],"collection":[{"href":"https:\/\/diarioregionaldigital.com.br\/index.php?rest_route=\/wp\/v2\/posts"}],"about":[{"href":"https:\/\/diarioregionaldigital.com.br\/index.php?rest_route=\/wp\/v2\/types\/post"}],"author":[{"embeddable":true,"href":"https:\/\/diarioregionaldigital.com.br\/index.php?rest_route=\/wp\/v2\/users\/96"}],"replies":[{"embeddable":true,"href":"https:\/\/diarioregionaldigital.com.br\/index.php?rest_route=%2Fwp%2Fv2%2Fcomments&post=123494"}],"version-history":[{"count":0,"href":"https:\/\/diarioregionaldigital.com.br\/index.php?rest_route=\/wp\/v2\/posts\/123494\/revisions"}],"wp:featuredmedia":[{"embeddable":true,"href":"https:\/\/diarioregionaldigital.com.br\/index.php?rest_route=\/wp\/v2\/media\/123495"}],"wp:attachment":[{"href":"https:\/\/diarioregionaldigital.com.br\/index.php?rest_route=%2Fwp%2Fv2%2Fmedia&parent=123494"}],"wp:term":[{"taxonomy":"category","embeddable":true,"href":"https:\/\/diarioregionaldigital.com.br\/index.php?rest_route=%2Fwp%2Fv2%2Fcategories&post=123494"},{"taxonomy":"post_tag","embeddable":true,"href":"https:\/\/diarioregionaldigital.com.br\/index.php?rest_route=%2Fwp%2Fv2%2Ftags&post=123494"}],"curies":[{"name":"wp","href":"https:\/\/api.w.org\/{rel}","templated":true}]}}