{"id":123460,"date":"2018-10-22T14:46:32","date_gmt":"2018-10-22T16:46:32","guid":{"rendered":"https:\/\/diarioregionaldigital.com.br\/?p=123460"},"modified":"2018-10-22T14:46:32","modified_gmt":"2018-10-22T16:46:32","slug":"presidente-do-tjmg-se-manifesta-sobre-ameaca-ao-stf","status":"publish","type":"post","link":"https:\/\/diarioregionaldigital.com.br\/?p=123460","title":{"rendered":"Presidente do TJMG se manifesta sobre amea\u00e7a ao STF"},"content":{"rendered":"<p>O presidente do Tribunal de Justi\u00e7a de Minas Gerais (TJMG), desembargador Nelson Missias de Morais, enviou neste fim de semana, manifesta\u00e7\u00e3o pessoal aos colegas magistrados de Minas a prop\u00f3sito de declara\u00e7\u00f5es de pol\u00edticos amea\u00e7ando o Judici\u00e1rio brasileiro.<\/p>\n<p>&#8220;Somos um Judici\u00e1rio forte, respeitado e independente. Nenhuma declara\u00e7\u00e3o, de qualquer desavisado, nos atingir\u00e1&#8221;, disse Nelson Missias em sua mensagem.<\/p>\n<p>Para\u00a0o presidente do TJMG, o momento \u00e9 de amea\u00e7a\u00a0ao Judici\u00e1rio e exige &#8220;calma, para desvendar o nosso destino, abrir caminhos e romper fronteiras, mantendo nossa disposi\u00e7\u00e3o para a luta&#8221;.<\/p>\n<p>&nbsp;<\/p>\n<p>Fonte: Assessoria\/TJMG<\/p>\n","protected":false},"excerpt":{"rendered":"<p>O presidente do Tribunal de Justi\u00e7a de Minas Gerais (TJMG), desembargador Nelson Missias de Morais, enviou neste fim de semana, manifesta\u00e7\u00e3o pessoal aos colegas magistrados de Minas a prop\u00f3sito de declara\u00e7\u00f5es de pol\u00edticos amea\u00e7ando o Judici\u00e1rio brasileiro. &#8220;Somos um Judici\u00e1rio forte, respeitado e independente. Nenhuma declara\u00e7\u00e3o, de qualquer desavisado, nos atingir\u00e1&#8221;, disse Nelson Missias em [&hellip;]<\/p>\n","protected":false},"author":96,"featured_media":123461,"comment_status":"closed","ping_status":"closed","sticky":false,"template":"","format":"standard","meta":{"footnotes":""},"categories":[436,254,439],"tags":[],"class_list":["post-123460","post","type-post","status-publish","format-standard","has-post-thumbnail","hentry","category-destaque-da-semana","category-politica","category-ultima-hora"],"_links":{"self":[{"href":"https:\/\/diarioregionaldigital.com.br\/index.php?rest_route=\/wp\/v2\/posts\/123460","targetHints":{"allow":["GET"]}}],"collection":[{"href":"https:\/\/diarioregionaldigital.com.br\/index.php?rest_route=\/wp\/v2\/posts"}],"about":[{"href":"https:\/\/diarioregionaldigital.com.br\/index.php?rest_route=\/wp\/v2\/types\/post"}],"author":[{"embeddable":true,"href":"https:\/\/diarioregionaldigital.com.br\/index.php?rest_route=\/wp\/v2\/users\/96"}],"replies":[{"embeddable":true,"href":"https:\/\/diarioregionaldigital.com.br\/index.php?rest_route=%2Fwp%2Fv2%2Fcomments&post=123460"}],"version-history":[{"count":0,"href":"https:\/\/diarioregionaldigital.com.br\/index.php?rest_route=\/wp\/v2\/posts\/123460\/revisions"}],"wp:featuredmedia":[{"embeddable":true,"href":"https:\/\/diarioregionaldigital.com.br\/index.php?rest_route=\/wp\/v2\/media\/123461"}],"wp:attachment":[{"href":"https:\/\/diarioregionaldigital.com.br\/index.php?rest_route=%2Fwp%2Fv2%2Fmedia&parent=123460"}],"wp:term":[{"taxonomy":"category","embeddable":true,"href":"https:\/\/diarioregionaldigital.com.br\/index.php?rest_route=%2Fwp%2Fv2%2Fcategories&post=123460"},{"taxonomy":"post_tag","embeddable":true,"href":"https:\/\/diarioregionaldigital.com.br\/index.php?rest_route=%2Fwp%2Fv2%2Ftags&post=123460"}],"curies":[{"name":"wp","href":"https:\/\/api.w.org\/{rel}","templated":true}]}}