{"id":123456,"date":"2018-10-22T14:28:16","date_gmt":"2018-10-22T16:28:16","guid":{"rendered":"https:\/\/diarioregionaldigital.com.br\/?p=123456"},"modified":"2018-10-22T14:28:16","modified_gmt":"2018-10-22T16:28:16","slug":"imprensa-internacional-observa-com-criticas-eleicoes-presidenciais","status":"publish","type":"post","link":"https:\/\/diarioregionaldigital.com.br\/?p=123456","title":{"rendered":"Imprensa internacional observa com cr\u00edticas elei\u00e7\u00f5es presidenciais"},"content":{"rendered":"<p>A seis dias do segundo turno das elei\u00e7\u00f5es presidenciais no Brasil, a imprensa internacional analisa o cen\u00e1rio pol\u00edtico nacional a partir de uma poss\u00edvel vit\u00f3ria do candidato Jair Bolsonaro (PSL) sobre Fernando Haddad (PT). Os principais jornais dos Estados Unidos, do Reino Unido, da It\u00e1lia e da Argentina destacam de forma cr\u00edtica a vit\u00f3ria de Bolsonaro.<\/p>\n<p>Sob o t\u00edtulo Triste escolha do Brasil, o\u00a0<em>The New York Times<\/em>\u00a0publicou editorial em que informa que Bolsonaro tem grandes chances de ser eleito no pr\u00f3ximo domingo, 28, e classificando o cen\u00e1rio como \u201cuma perspectiva assustadora\u201d.<\/p>\n<p>O jornal norte-americano se refere ao candidato como algu\u00e9m com \u201cvis\u00f5es repulsivas\u201d e cita epis\u00f3dios pol\u00eamicos, como a discuss\u00e3o com a deputado Maria do Ros\u00e1rio (PT-RS). Em 2003, os dois trocaram acusa\u00e7\u00f5es no Sal\u00e3o Verde da C\u00e2mara dos Deputados quando a deputada chamou Bolsonaro de \u201cestuprador\u201d e ele respondeu dizendo que \u201cela n\u00e3o merecia ser estuprada.<\/p>\n<p>Seguindo a mesma linha, o italiano\u00a0<em>Corriere della Sera\u00a0<\/em>cita Bolsonaro como \u201cl\u00edder de extrema-direita\u201d e \u201canti-ambientalista\u201d, ao fazer refer\u00eancia a declara\u00e7\u00f5es do candidato envolvendo acordos internacionais sobre o clima e explora\u00e7\u00e3o da Amaz\u00f4nia. Com Bolsonaro eleito, o jornal \u00e9 categ\u00f3rico sobre o futuro do Brasil. \u201cO Brasil recuaria meio s\u00e9culo, retornando aos anos \u2018dourados\u2019 da ditadura militar\u201d.<\/p>\n<p>O brit\u00e2nico<em>\u00a0Financial Times<\/em>\u00a0destaca a necessidade de mudan\u00e7as pol\u00edticas e econ\u00f4micas no cen\u00e1rio brasileiro e traz Bolsonaro com grandes chances de ser eleito presidente \u201cda oitava maior economia do mundo\u201d no pr\u00f3ximo domingo, 28. O jornal se refere ao candidato do PSL como \u201cTrump dos tr\u00f3picos\u201d, numa alus\u00e3o ao presidente norte-americano Donald Trump, e cita Bolsonaro como \u201cabertamente mis\u00f3gino, racista e autorit\u00e1rio\u201d.<\/p>\n<p>Em tom mais ameno, a edi\u00e7\u00e3o\u00a0 do jornal argentino\u00a0<em>Clar\u00edn<\/em>\u00a0estampa manifesta\u00e7\u00f5es pr\u00f3-Bolsonaro no Rio de Janeiro e destaca o candidato como favorito no segundo turno das elei\u00e7\u00f5es presidenciais brasileiras. O peri\u00f3dico tra\u00e7a uma r\u00e1pida biografia de Bolsonaro, se referindo ao capit\u00e3o da reserva como \u201cnost\u00e1lgico da ditadura militar que governou o Brasil entre 1964 e 1985\u201d e congressista de carreira.<\/p>\n","protected":false},"excerpt":{"rendered":"<p>A seis dias do segundo turno das elei\u00e7\u00f5es presidenciais no Brasil, a imprensa internacional analisa o cen\u00e1rio pol\u00edtico nacional a partir de uma poss\u00edvel vit\u00f3ria do candidato Jair Bolsonaro (PSL) sobre Fernando Haddad (PT). Os principais jornais dos Estados Unidos, do Reino Unido, da It\u00e1lia e da Argentina destacam de forma cr\u00edtica a vit\u00f3ria de [&hellip;]<\/p>\n","protected":false},"author":96,"featured_media":111871,"comment_status":"closed","ping_status":"closed","sticky":false,"template":"","format":"standard","meta":{"footnotes":""},"categories":[254,439],"tags":[],"class_list":["post-123456","post","type-post","status-publish","format-standard","has-post-thumbnail","hentry","category-politica","category-ultima-hora"],"_links":{"self":[{"href":"https:\/\/diarioregionaldigital.com.br\/index.php?rest_route=\/wp\/v2\/posts\/123456","targetHints":{"allow":["GET"]}}],"collection":[{"href":"https:\/\/diarioregionaldigital.com.br\/index.php?rest_route=\/wp\/v2\/posts"}],"about":[{"href":"https:\/\/diarioregionaldigital.com.br\/index.php?rest_route=\/wp\/v2\/types\/post"}],"author":[{"embeddable":true,"href":"https:\/\/diarioregionaldigital.com.br\/index.php?rest_route=\/wp\/v2\/users\/96"}],"replies":[{"embeddable":true,"href":"https:\/\/diarioregionaldigital.com.br\/index.php?rest_route=%2Fwp%2Fv2%2Fcomments&post=123456"}],"version-history":[{"count":0,"href":"https:\/\/diarioregionaldigital.com.br\/index.php?rest_route=\/wp\/v2\/posts\/123456\/revisions"}],"wp:featuredmedia":[{"embeddable":true,"href":"https:\/\/diarioregionaldigital.com.br\/index.php?rest_route=\/wp\/v2\/media\/111871"}],"wp:attachment":[{"href":"https:\/\/diarioregionaldigital.com.br\/index.php?rest_route=%2Fwp%2Fv2%2Fmedia&parent=123456"}],"wp:term":[{"taxonomy":"category","embeddable":true,"href":"https:\/\/diarioregionaldigital.com.br\/index.php?rest_route=%2Fwp%2Fv2%2Fcategories&post=123456"},{"taxonomy":"post_tag","embeddable":true,"href":"https:\/\/diarioregionaldigital.com.br\/index.php?rest_route=%2Fwp%2Fv2%2Ftags&post=123456"}],"curies":[{"name":"wp","href":"https:\/\/api.w.org\/{rel}","templated":true}]}}