{"id":123451,"date":"2018-10-22T14:19:27","date_gmt":"2018-10-22T16:19:27","guid":{"rendered":"https:\/\/diarioregionaldigital.com.br\/?p=123451"},"modified":"2018-10-22T14:20:49","modified_gmt":"2018-10-22T16:20:49","slug":"audiencia-publica-trata-situacao-dos-aprovados-no-concurso-de-agente-de-transito-e-fiscal-de-posturas","status":"publish","type":"post","link":"https:\/\/diarioregionaldigital.com.br\/?p=123451","title":{"rendered":"Audi\u00eancia p\u00fablica trata situa\u00e7\u00e3o dos aprovados no concurso de agente de tr\u00e2nsito e fiscal de posturas"},"content":{"rendered":"<div>\u00a0\u00c0s 19h desta segunda-feira, 22, logo ap\u00f3s a reuni\u00e3o ordin\u00e1ria, acontece na C\u00e2mara de Juiz de Fora uma audi\u00eancia p\u00fablica para discutir a situa\u00e7\u00e3o dos candidatos aprovados no concurso p\u00fablico de Agente de Transporte e Tr\u00e2nsito I e de Fiscal de Posturas Municipais I, promovido pela Prefeitura de Juiz de Fora (PJF).<\/div>\n<div><\/div>\n<div>A audi\u00eancia foi solicitada pelo vereador Fiorilo (PTC) que est\u00e1 preocupado com a situa\u00e7\u00e3o dos candidatos aprovados no concurso.<\/div>\n<div>Foram convidados para participarem da audi\u00eancia os secret\u00e1rios de Governo, de Administra\u00e7\u00e3o, de Recursos Humanos,\u00a0 de Transporte e Tr\u00e2nsito, Pol\u00edcia Militar, conselho municipal de Transporte e Tr\u00e2nsito, Associa\u00e7\u00e3o de Agentes de Tr\u00e2nsito e Uni\u00e3o Nacional de Agentes de Lideran\u00e7as Comunit\u00e1rias e Sociais (UNALCS).<\/div>\n<div><\/div>\n<div>A C\u00e2mara tem realizado algumas audi\u00eancias p\u00fablicas \u00e0 noite visando garantir a participa\u00e7\u00e3o do cidad\u00e3o que n\u00e3o pode comparecer aos debates \u00e0 tarde porque est\u00e3o trabalhando. Esta mudan\u00e7a tamb\u00e9m sempre foi solicitada pelo Comit\u00ea de Cidadania, pertencente \u00e0 Comiss\u00e3o de Justi\u00e7a e Paz da Arquidiocese de Juiz de Fora.<\/div>\n<div><\/div>\n<div>A audi\u00eancia p\u00fablica ser\u00e1 transmitida pela JFTV C\u00e2mara, no canal aberto 35.<\/div>\n","protected":false},"excerpt":{"rendered":"<p>\u00a0\u00c0s 19h desta segunda-feira, 22, logo ap\u00f3s a reuni\u00e3o ordin\u00e1ria, acontece na C\u00e2mara de Juiz de Fora uma audi\u00eancia p\u00fablica para discutir a situa\u00e7\u00e3o dos candidatos aprovados no concurso p\u00fablico de Agente de Transporte e Tr\u00e2nsito I e de Fiscal de Posturas Municipais I, promovido pela Prefeitura de Juiz de Fora (PJF). A audi\u00eancia foi [&hellip;]<\/p>\n","protected":false},"author":96,"featured_media":123452,"comment_status":"closed","ping_status":"closed","sticky":false,"template":"","format":"standard","meta":{"footnotes":""},"categories":[253,439],"tags":[],"class_list":["post-123451","post","type-post","status-publish","format-standard","has-post-thumbnail","hentry","category-cidade","category-ultima-hora"],"_links":{"self":[{"href":"https:\/\/diarioregionaldigital.com.br\/index.php?rest_route=\/wp\/v2\/posts\/123451","targetHints":{"allow":["GET"]}}],"collection":[{"href":"https:\/\/diarioregionaldigital.com.br\/index.php?rest_route=\/wp\/v2\/posts"}],"about":[{"href":"https:\/\/diarioregionaldigital.com.br\/index.php?rest_route=\/wp\/v2\/types\/post"}],"author":[{"embeddable":true,"href":"https:\/\/diarioregionaldigital.com.br\/index.php?rest_route=\/wp\/v2\/users\/96"}],"replies":[{"embeddable":true,"href":"https:\/\/diarioregionaldigital.com.br\/index.php?rest_route=%2Fwp%2Fv2%2Fcomments&post=123451"}],"version-history":[{"count":0,"href":"https:\/\/diarioregionaldigital.com.br\/index.php?rest_route=\/wp\/v2\/posts\/123451\/revisions"}],"wp:featuredmedia":[{"embeddable":true,"href":"https:\/\/diarioregionaldigital.com.br\/index.php?rest_route=\/wp\/v2\/media\/123452"}],"wp:attachment":[{"href":"https:\/\/diarioregionaldigital.com.br\/index.php?rest_route=%2Fwp%2Fv2%2Fmedia&parent=123451"}],"wp:term":[{"taxonomy":"category","embeddable":true,"href":"https:\/\/diarioregionaldigital.com.br\/index.php?rest_route=%2Fwp%2Fv2%2Fcategories&post=123451"},{"taxonomy":"post_tag","embeddable":true,"href":"https:\/\/diarioregionaldigital.com.br\/index.php?rest_route=%2Fwp%2Fv2%2Ftags&post=123451"}],"curies":[{"name":"wp","href":"https:\/\/api.w.org\/{rel}","templated":true}]}}