{"id":123448,"date":"2018-10-22T14:11:37","date_gmt":"2018-10-22T16:11:37","guid":{"rendered":"https:\/\/diarioregionaldigital.com.br\/?p=123448"},"modified":"2018-10-22T14:11:37","modified_gmt":"2018-10-22T16:11:37","slug":"prefeitura-e-pm-fazem-operacao-integrada-na-regiao-zona-norte","status":"publish","type":"post","link":"https:\/\/diarioregionaldigital.com.br\/?p=123448","title":{"rendered":"Prefeitura e PM fazem opera\u00e7\u00e3o integrada na regi\u00e3o Zona Norte"},"content":{"rendered":"<p>A Secretaria de Transporte e Tr\u00e2nsito (SETTRA) da Prefeitura de Juiz de Fora (PJF), atrav\u00e9s do Departamento de Fiscaliza\u00e7\u00e3o de Transporte e Tr\u00e2nsito (DFTT), realizou na sexta-feira, 19, uma opera\u00e7\u00e3o de fiscaliza\u00e7\u00e3o no bairro Benfica junto com a Pol\u00edcia Militar (PM), na zona norte da cidade. O objetivo era combater o transporte clandestino na cidade.<\/p>\n<p>Dos 41 ve\u00edculos abordados, foram registradas 22 autua\u00e7\u00f5es, sendo 13 por falta de uso do cinto de seguran\u00e7a, sete por uso de celular ao volante, duas por transporte irregular, j\u00e1 que os motoristas transitavam sem que o ve\u00edculo estivesse devidamente licenciado. Para a a\u00e7\u00e3o, foram mobilizados seis agentes do DFTT, com apoio de viatura; tr\u00eas policiais militares e uma viatura.<\/p>\n<p>O gerente do DFTT, Paulo Peron, ressalta a relev\u00e2ncia de atividades em conjunto com a PM e a uni\u00e3o das institui\u00e7\u00f5es para garantir qualidade e seguran\u00e7a no tr\u00e2nsito. \u201cA parceria com a Pol\u00edcia Militar em nossas opera\u00e7\u00f5es de fiscaliza\u00e7\u00e3o, n\u00e3o s\u00f3 de transito, como tamb\u00e9m de transporte, \u00e9 extremamente necess\u00e1ria, j\u00e1 que somat\u00f3rio de esfor\u00e7os para a fiscaliza\u00e7\u00e3o garante mais qualidade do transporte, bem como, mais seguran\u00e7a do tr\u00e2nsito\u201d, destaca.<\/p>\n<p><b>Central de Opera\u00e7\u00f5es dos Agentes<\/b><\/p>\n<p>Em casos de flagrantes de infra\u00e7\u00f5es de tr\u00e2nsito, a equipe de fiscaliza\u00e7\u00e3o pode ser acionada atrav\u00e9s do 3690-7400. Den\u00fancias, elogios ou sugest\u00f5es relacionados ao servi\u00e7o de transporte coletivo ou escolar podem ser feitos \u00e0 Settra, atrav\u00e9s do 3690-8218 ou do settraatende@pjf.mg.gov.br.<\/p>\n","protected":false},"excerpt":{"rendered":"<p>A Secretaria de Transporte e Tr\u00e2nsito (SETTRA) da Prefeitura de Juiz de Fora (PJF), atrav\u00e9s do Departamento de Fiscaliza\u00e7\u00e3o de Transporte e Tr\u00e2nsito (DFTT), realizou na sexta-feira, 19, uma opera\u00e7\u00e3o de fiscaliza\u00e7\u00e3o no bairro Benfica junto com a Pol\u00edcia Militar (PM), na zona norte da cidade. O objetivo era combater o transporte clandestino na cidade. [&hellip;]<\/p>\n","protected":false},"author":96,"featured_media":123449,"comment_status":"closed","ping_status":"closed","sticky":false,"template":"","format":"standard","meta":{"footnotes":""},"categories":[253,439],"tags":[],"class_list":["post-123448","post","type-post","status-publish","format-standard","has-post-thumbnail","hentry","category-cidade","category-ultima-hora"],"_links":{"self":[{"href":"https:\/\/diarioregionaldigital.com.br\/index.php?rest_route=\/wp\/v2\/posts\/123448","targetHints":{"allow":["GET"]}}],"collection":[{"href":"https:\/\/diarioregionaldigital.com.br\/index.php?rest_route=\/wp\/v2\/posts"}],"about":[{"href":"https:\/\/diarioregionaldigital.com.br\/index.php?rest_route=\/wp\/v2\/types\/post"}],"author":[{"embeddable":true,"href":"https:\/\/diarioregionaldigital.com.br\/index.php?rest_route=\/wp\/v2\/users\/96"}],"replies":[{"embeddable":true,"href":"https:\/\/diarioregionaldigital.com.br\/index.php?rest_route=%2Fwp%2Fv2%2Fcomments&post=123448"}],"version-history":[{"count":0,"href":"https:\/\/diarioregionaldigital.com.br\/index.php?rest_route=\/wp\/v2\/posts\/123448\/revisions"}],"wp:featuredmedia":[{"embeddable":true,"href":"https:\/\/diarioregionaldigital.com.br\/index.php?rest_route=\/wp\/v2\/media\/123449"}],"wp:attachment":[{"href":"https:\/\/diarioregionaldigital.com.br\/index.php?rest_route=%2Fwp%2Fv2%2Fmedia&parent=123448"}],"wp:term":[{"taxonomy":"category","embeddable":true,"href":"https:\/\/diarioregionaldigital.com.br\/index.php?rest_route=%2Fwp%2Fv2%2Fcategories&post=123448"},{"taxonomy":"post_tag","embeddable":true,"href":"https:\/\/diarioregionaldigital.com.br\/index.php?rest_route=%2Fwp%2Fv2%2Ftags&post=123448"}],"curies":[{"name":"wp","href":"https:\/\/api.w.org\/{rel}","templated":true}]}}