{"id":123445,"date":"2018-10-22T14:02:45","date_gmt":"2018-10-22T16:02:45","guid":{"rendered":"https:\/\/diarioregionaldigital.com.br\/?p=123445"},"modified":"2018-10-22T20:37:03","modified_gmt":"2018-10-22T22:37:03","slug":"corrida-solidaria-da-ascomcer-leva-1500-atletas-para-o-campus-da-ufjf","status":"publish","type":"post","link":"https:\/\/diarioregionaldigital.com.br\/?p=123445","title":{"rendered":"Corrida Solid\u00e1ria da Ascomcer leva 1500 atletas para o Campus da UFJF"},"content":{"rendered":"<p>A manh\u00e3 do domingo, 21, foi pintada de rosa na Universidade Federal de Juiz de Fora (UFJF). Mais de 1500 pessoas participaram da 6\u00aa Corrida Solid\u00e1ria da Ascomcer\/Prefeitura de Juiz de Fora (PJF). O evento \u00e9 uma das a\u00e7\u00f5es do \u201cOutubro Rosa\u201d, que buscam conscientizar sobre a import\u00e2ncia da preven\u00e7\u00e3o e os cuidados com o c\u00e2ncer de mama. A 9\u00aa etapa do 32\u00ba Ranking de Corridas de Rua foi organizada pela Prefeitura de Juiz de Fora (PJF), atrav\u00e9s da Secretaria de Esporte e Lazer (SEL).<\/p>\n<p>Os campe\u00f5es da prova foram Jocemar Correa (Vis\u00e3o de \u00c1guia) e Aline Barbosa (Faculdade Metodista Granbery\/Educa\u00e7\u00e3o F\u00edsica). Completaram o p\u00f3dio masculino, Robinson Gomes e Matheus Morais (Imperadores\/Cria UFJF), Neemias Alves da Cruz (Faculdade Metodista Granbery\/Educa\u00e7\u00e3o F\u00edsica) e Adan Arroio de Matos (Imperadores\/Cria UFJF). No feminino, Noemi Alvez da Cruz (Imperadores\/Cria UFJF), Claudete Nunes (Profit Running), Talita Antunes (Vidativa) e Andrileia do Carmo (Gemachon Tech\/Tate Lyle) chegaram em seguida. Entre as equipes, o JF Paral\u00edmpico, venceu no feminino e no masculino para pessoas com defici\u00eancia. Imperadores Cria UFJF, RB Team\/Vem Correr e Super Amigos subiram ao p\u00f3dio das equipes masculinas. As equipes femininas com maior pontua\u00e7\u00e3o foram: Nativos, Gemachon Tech\/Tate Lyle e Profit Running.<\/p>\n<p>O percurso para os corredores foi de 5,8 km, e passou por algumas faculdades, como Odontologia e Educa\u00e7\u00e3o F\u00edsica. A caminhada foi de 2,3 km, no anel vi\u00e1rio do campus. Ao chegarem, os participantes aproveitaram a pra\u00e7a c\u00edvica da UFJF, com esta\u00e7\u00f5es de brinquedos do JF Lazer, m\u00fasica com Dj Felipe Castro e show da banda Akikal\u00f4, al\u00e9m das diversas tendas com produtos dos patrocinadores. Ao final, aconteceu sorteio de pr\u00eamios.<\/p>\n<p>&nbsp;<\/p>\n<p>Fonte: Assessoria\/ PJF<\/p>\n<p>&nbsp;<\/p>\n<div style=\"width: 640px;\" class=\"wp-video\"><!--[if lt IE 9]><script>document.createElement('video');<\/script><![endif]-->\n<video class=\"wp-video-shortcode\" id=\"video-123445-1\" width=\"640\" height=\"352\" preload=\"metadata\" controls=\"controls\"><source type=\"video\/mp4\" src=\"https:\/\/diarioregionaldigital.com.br\/wp-content\/uploads\/2018\/10\/WhatsApp-Video-2018-10-22-at-5.36.21-PM.mp4?_=1\" \/><a href=\"https:\/\/diarioregionaldigital.com.br\/wp-content\/uploads\/2018\/10\/WhatsApp-Video-2018-10-22-at-5.36.21-PM.mp4\">https:\/\/diarioregionaldigital.com.br\/wp-content\/uploads\/2018\/10\/WhatsApp-Video-2018-10-22-at-5.36.21-PM.mp4<\/a><\/video><\/div>\n","protected":false},"excerpt":{"rendered":"<p>A manh\u00e3 do domingo, 21, foi pintada de rosa na Universidade Federal de Juiz de Fora (UFJF). Mais de 1500 pessoas participaram da 6\u00aa Corrida Solid\u00e1ria da Ascomcer\/Prefeitura de Juiz de Fora (PJF). O evento \u00e9 uma das a\u00e7\u00f5es do \u201cOutubro Rosa\u201d, que buscam conscientizar sobre a import\u00e2ncia da preven\u00e7\u00e3o e os cuidados com o [&hellip;]<\/p>\n","protected":false},"author":96,"featured_media":123446,"comment_status":"closed","ping_status":"closed","sticky":false,"template":"","format":"standard","meta":{"footnotes":""},"categories":[253,439],"tags":[],"class_list":["post-123445","post","type-post","status-publish","format-standard","has-post-thumbnail","hentry","category-cidade","category-ultima-hora"],"_links":{"self":[{"href":"https:\/\/diarioregionaldigital.com.br\/index.php?rest_route=\/wp\/v2\/posts\/123445","targetHints":{"allow":["GET"]}}],"collection":[{"href":"https:\/\/diarioregionaldigital.com.br\/index.php?rest_route=\/wp\/v2\/posts"}],"about":[{"href":"https:\/\/diarioregionaldigital.com.br\/index.php?rest_route=\/wp\/v2\/types\/post"}],"author":[{"embeddable":true,"href":"https:\/\/diarioregionaldigital.com.br\/index.php?rest_route=\/wp\/v2\/users\/96"}],"replies":[{"embeddable":true,"href":"https:\/\/diarioregionaldigital.com.br\/index.php?rest_route=%2Fwp%2Fv2%2Fcomments&post=123445"}],"version-history":[{"count":0,"href":"https:\/\/diarioregionaldigital.com.br\/index.php?rest_route=\/wp\/v2\/posts\/123445\/revisions"}],"wp:featuredmedia":[{"embeddable":true,"href":"https:\/\/diarioregionaldigital.com.br\/index.php?rest_route=\/wp\/v2\/media\/123446"}],"wp:attachment":[{"href":"https:\/\/diarioregionaldigital.com.br\/index.php?rest_route=%2Fwp%2Fv2%2Fmedia&parent=123445"}],"wp:term":[{"taxonomy":"category","embeddable":true,"href":"https:\/\/diarioregionaldigital.com.br\/index.php?rest_route=%2Fwp%2Fv2%2Fcategories&post=123445"},{"taxonomy":"post_tag","embeddable":true,"href":"https:\/\/diarioregionaldigital.com.br\/index.php?rest_route=%2Fwp%2Fv2%2Ftags&post=123445"}],"curies":[{"name":"wp","href":"https:\/\/api.w.org\/{rel}","templated":true}]}}