{"id":123431,"date":"2018-10-22T05:15:48","date_gmt":"2018-10-22T07:15:48","guid":{"rendered":"https:\/\/diarioregionaldigital.com.br\/?p=123431"},"modified":"2018-10-22T10:44:16","modified_gmt":"2018-10-22T12:44:16","slug":"atos-a-favor-de-bolsonaro-e-haddad-sao-realizados-neste-final-de-semana-em-juiz-de-fora","status":"publish","type":"post","link":"https:\/\/diarioregionaldigital.com.br\/?p=123431","title":{"rendered":"Atos a favor de Bolsonaro e Haddad s\u00e3o realizados neste final de semana em Juiz de Fora"},"content":{"rendered":"<p>O final de semana em Juiz de Fora foi marcado com atos a favor de Bolsonaro e Haddad. No s\u00e1bado, 20, eleitores do candidato do PT, Fernando Haddad, desceram o Cal\u00e7ad\u00e3o da Rua Halfeld com camisas e bandeiras coloridas. O evento levou o nome de &#8220;Contra a Viol\u00eancia, a intoler\u00e2ncia e pela Diversidade.<\/p>\n<p>No domingo, 21, os apoiadores de Jair Bolsonaro (PSL) se reuniram no Hipermercado Carrefour, \u00e0s 14hrs, e desceram em carreta por toda a Avenida Rio Branco.<\/p>\n<div id=\"attachment_123434\" style=\"width: 970px\" class=\"wp-caption alignnone\"><img loading=\"lazy\" decoding=\"async\" aria-describedby=\"caption-attachment-123434\" class=\"wp-image-123434 size-full\" src=\"https:\/\/diarioregionaldigital.com.br\/wp-content\/uploads\/2018\/10\/44402457_364590240950968_7480481862985449472_n.jpg\" alt=\"\" width=\"960\" height=\"640\" \/><p id=\"caption-attachment-123434\" class=\"wp-caption-text\">Ato contra a Viol\u00eancia em Juiz de Fora &#8211; Foto: Otavio Martins<\/p><\/div>\n<h3>&#8220;Ele N\u00e3o&#8221;<\/h3>\n<p>Em v\u00e1rias cidades do pa\u00eds, manifestantes se reuniram nesse s\u00e1bado, 20, contra o fascismo e a favor da democracia, pelos direitos humanos e em defesa da liberdade de express\u00e3o. O ato foi organizado por movimentos de mulheres de distintos segmentos, entre eles Mulheres Unidas contra Bolsonaro.<\/p>\n<p>No Rio, os eleitores se reuniram na Cinel\u00e2ndia. Com bandeiras de v\u00e1rios partidos de esquerda, jovens, idosos e crian\u00e7as gritavam\u00a0&#8220;Ele n\u00e3o!&#8221;.<\/p>\n<p>Durante toda a manifesta\u00e7\u00e3o os participantes entoavam cantos como &#8220;A nossa luta, \u00e9 todo dia, somos mulheres na democracia&#8221;, ou ainda &#8220;Pisa ligeiro, quem n\u00e3o pode com as mulheres n\u00e3o ati\u00e7a o formigueiro&#8221;.<\/p>\n<p>Na Candel\u00e1ria, os manifestantes homenagearam com uma dan\u00e7a o mestre Moa do Katend\u00ea, assassinado a facadas na noite do primeiro turno da elei\u00e7\u00e3o ap\u00f3s declarar voto ao PT, em Salvador (BA).<\/p>\n<p>Ana Carlina Costa, uma das organizadoras do movimento Mulheres Unidas contra Bolsonaro, disse que a manifesta\u00e7\u00e3o de hoje \u00e9 a continua\u00e7\u00e3o da do \u00faltimo dia 29 de setembro, que levou, segundo os organizadores, mais de um milh\u00e3o de pessoas \u00e0s ruas de todo o pa\u00eds.<\/p>\n<p>\u201cForam mais de um milh\u00e3o de pessoas, pra dizer porque a gente n\u00e3o aceita um governo do Bolsonaro, com um programa fascista e de ataque \u00e0 classe trabalhadora do pa\u00eds\u201d.<\/p>\n<p>Da Candel\u00e1ria, os manifestantes seguiram em passeata at\u00e9 a Lapa.<\/p>\n<h3>&#8220;Bolsonaro&#8221;<\/h3>\n<p>Na capital fluminense, a manifesta\u00e7\u00e3o ocorreu na Praia de Copacabana, na zona sul. Carros de som, dois deles com faixas do Movimento Brasil Livre (MBL) e um do movimento Vem Pra Rua, chamam a aten\u00e7\u00e3o de quem passa pelo local.\u00a0No microfone, organizadores atacam o PT e acusam a candidatura de Fernando Haddad de planejar que o Brasil &#8220;se transforme na Venezuela&#8221;, em refer\u00eancia a problemas econ\u00f4micos e sociais enfrentados pelo pa\u00eds vizinho.<\/p>\n<p>Uma faixa estendida na manifesta\u00e7\u00e3o trazia a frase &#8220;N\u00e3o aceitaremos fraude&#8221; e recebia a assinatura de participantes da manifesta\u00e7\u00e3o. Segundo a organiza\u00e7\u00e3o do ato, a faixa ser\u00e1 levada para o Tribunal Superior Eleitoral, em Bras\u00edlia.<\/p>\n<h5>S\u00e3o Paulo<\/h5>\n<p>Os eleitores e simpatizantes do candidato \u00e0 Presid\u00eancia pelo PSL, Jair Bolsonaro, reuniram-se na Avenida Paulista, regi\u00e3o central da cidade. Vestidos de verde e amarelo, segurando cartazes com palavras de ordem, como &#8220;Bolsonaro Mito&#8221;, &#8220;PT Nunca Mais&#8221; e &#8220;Meu partido \u00e9 o Brasil&#8221;, al\u00e9m de bandeiras e bonecos infl\u00e1veis, os manifestantes ocuparam a via, que fica fechada para os carros aos domingos e feriados.<\/p>\n<p>Seis carros de som dos movimentos participantes estavam estacionados ao longo da avenida. Em cada um, eram feitos discursos contra partidos pol\u00edticos classificados como progressistas e de esquerda, com a principal bandeira sendo #PT N\u00c3O.<\/p>\n<p><em>*Reda\u00e7\u00e3o com informa\u00e7\u00f5es da Ag\u00eancia Brasil<\/em><\/p>\n<h2><\/h2>\n<p>&nbsp;<\/p>\n","protected":false},"excerpt":{"rendered":"<p>O final de semana em Juiz de Fora foi marcado com atos a favor de Bolsonaro e Haddad. No s\u00e1bado, 20, eleitores do candidato do PT, Fernando Haddad, desceram o Cal\u00e7ad\u00e3o da Rua Halfeld com camisas e bandeiras coloridas. O evento levou o nome de &#8220;Contra a Viol\u00eancia, a intoler\u00e2ncia e pela Diversidade. No domingo, [&hellip;]<\/p>\n","protected":false},"author":96,"featured_media":0,"comment_status":"closed","ping_status":"closed","sticky":false,"template":"","format":"standard","meta":{"footnotes":""},"categories":[253,436,440,439],"tags":[],"class_list":["post-123431","post","type-post","status-publish","format-standard","hentry","category-cidade","category-destaque-da-semana","category-destaques-do-dia","category-ultima-hora"],"_links":{"self":[{"href":"https:\/\/diarioregionaldigital.com.br\/index.php?rest_route=\/wp\/v2\/posts\/123431","targetHints":{"allow":["GET"]}}],"collection":[{"href":"https:\/\/diarioregionaldigital.com.br\/index.php?rest_route=\/wp\/v2\/posts"}],"about":[{"href":"https:\/\/diarioregionaldigital.com.br\/index.php?rest_route=\/wp\/v2\/types\/post"}],"author":[{"embeddable":true,"href":"https:\/\/diarioregionaldigital.com.br\/index.php?rest_route=\/wp\/v2\/users\/96"}],"replies":[{"embeddable":true,"href":"https:\/\/diarioregionaldigital.com.br\/index.php?rest_route=%2Fwp%2Fv2%2Fcomments&post=123431"}],"version-history":[{"count":0,"href":"https:\/\/diarioregionaldigital.com.br\/index.php?rest_route=\/wp\/v2\/posts\/123431\/revisions"}],"wp:attachment":[{"href":"https:\/\/diarioregionaldigital.com.br\/index.php?rest_route=%2Fwp%2Fv2%2Fmedia&parent=123431"}],"wp:term":[{"taxonomy":"category","embeddable":true,"href":"https:\/\/diarioregionaldigital.com.br\/index.php?rest_route=%2Fwp%2Fv2%2Fcategories&post=123431"},{"taxonomy":"post_tag","embeddable":true,"href":"https:\/\/diarioregionaldigital.com.br\/index.php?rest_route=%2Fwp%2Fv2%2Ftags&post=123431"}],"curies":[{"name":"wp","href":"https:\/\/api.w.org\/{rel}","templated":true}]}}