{"id":123425,"date":"2018-10-22T09:54:06","date_gmt":"2018-10-22T11:54:06","guid":{"rendered":"https:\/\/diarioregionaldigital.com.br\/?p=123425"},"modified":"2018-10-22T09:54:06","modified_gmt":"2018-10-22T11:54:06","slug":"policia-federal-abriu-469-inqueritos-para-investigar-crimes-eleitorais","status":"publish","type":"post","link":"https:\/\/diarioregionaldigital.com.br\/?p=123425","title":{"rendered":"Pol\u00edcia Federal abriu 469 inqu\u00e9ritos para investigar crimes eleitorais"},"content":{"rendered":"<p>A Pol\u00edcia Federal (PF) abriu 469 inqu\u00e9ritos para investigar crimes eleitorais no primeiro turno da campanha deste ano, A informa\u00e7\u00e3o \u00e9 do ministro da Seguran\u00e7a P\u00fablica, Raul Jungmann. Al\u00e9m disso, 455 pessoas foram conduzidas para depoimentos e outros 266 apreendidos.<\/p>\n<p>De acordo com o ministro, os principais crimes registrados foram propaganda eleitoral irregular, promo\u00e7\u00e3o de informa\u00e7\u00f5es falsas e compra de votos. \u201cAqueles que t\u00eam interesse de produzir not\u00edcias falsas fiquem sabendo que n\u00e3o existe anonimato na internet e a Pol\u00edcia Federal tem tecnologia e recursos humanos para chegar neles aqui ou em qualquer lugar do mundo\u201d, alertou.<\/p>\n<p>Jungmann participou nesse domingo, 21, da entrevista \u00e0 imprensa, no Tribunal Superior Eleitoral (TSE), convocada pela presidente do tribunal, ministra Rosa Weber. Na ocasi\u00e3o, perguntada se a Justi\u00e7a Eleitoral falhou no combate \u00e0s not\u00edcias falsas (fake news) durante a campanha, a ministra respondeu que n\u00e3o viu falhas na a\u00e7\u00e3o do tribunal, mas reconheceu que n\u00e3o esperava que a onda de desinforma\u00e7\u00e3o se voltasse contra a pr\u00f3pria institui\u00e7\u00e3o e que ainda n\u00e3o h\u00e1 uma solu\u00e7\u00e3o para impedir o problema.<\/p>\n<p>\u201cN\u00f3s entendemos que n\u00e3o houve falha alguma da Justi\u00e7a Eleitoral no que tange a isso que se chama fake news. A desinforma\u00e7\u00e3o \u00e9 um fen\u00f4meno mundial que se faz presente nas mais diferentes sociedades. Gostar\u00edamos de ter uma solu\u00e7\u00e3o pronta e eficaz, de fato, n\u00e3o temos\u201d, disse a ministra.<\/p>\n<p>Rosa Weber n\u00e3o quis comentar sobre a a\u00e7\u00e3o ingressada pelo PT para investigar a den\u00fancia de que empresas teriam atuado na dissemina\u00e7\u00e3o em massa nas redes sociais de not\u00edcias falsas contra o candidato Fernando Haddad (PT) em favor do candidato do PSL \u00e0 Presid\u00eancia da Rep\u00fablica, Jair Bolsonaro (PSL).<\/p>\n<p>De acordo com Jungmann, o caso est\u00e1 sendo investigado e n\u00e3o \u00e9 poss\u00edvel dar detalhes sobre o processo, pois o inqu\u00e9rito corre sob sigilo. O ministro informou que o centro integrado de controle para as elei\u00e7\u00f5es retomar\u00e1 os trabalhos nesta segunda-feira (22), a partir das 15 horas, e que os representantes dos dois candidatos \u00e0 Presid\u00eancia foram convidados a acompanhar a atua\u00e7\u00e3o do centro, que funcionar\u00e1 24 horas por dia at\u00e9 o fim do segundo turno, no pr\u00f3ximo dia 28 de outubro.<\/p>\n<p><em>Fonte: Ag\u00eancia Brasil<\/em><\/p>\n","protected":false},"excerpt":{"rendered":"<p>A Pol\u00edcia Federal (PF) abriu 469 inqu\u00e9ritos para investigar crimes eleitorais no primeiro turno da campanha deste ano, A informa\u00e7\u00e3o \u00e9 do ministro da Seguran\u00e7a P\u00fablica, Raul Jungmann. Al\u00e9m disso, 455 pessoas foram conduzidas para depoimentos e outros 266 apreendidos. De acordo com o ministro, os principais crimes registrados foram propaganda eleitoral irregular, promo\u00e7\u00e3o de [&hellip;]<\/p>\n","protected":false},"author":96,"featured_media":0,"comment_status":"closed","ping_status":"closed","sticky":false,"template":"","format":"standard","meta":{"footnotes":""},"categories":[254,439],"tags":[],"class_list":["post-123425","post","type-post","status-publish","format-standard","hentry","category-politica","category-ultima-hora"],"_links":{"self":[{"href":"https:\/\/diarioregionaldigital.com.br\/index.php?rest_route=\/wp\/v2\/posts\/123425","targetHints":{"allow":["GET"]}}],"collection":[{"href":"https:\/\/diarioregionaldigital.com.br\/index.php?rest_route=\/wp\/v2\/posts"}],"about":[{"href":"https:\/\/diarioregionaldigital.com.br\/index.php?rest_route=\/wp\/v2\/types\/post"}],"author":[{"embeddable":true,"href":"https:\/\/diarioregionaldigital.com.br\/index.php?rest_route=\/wp\/v2\/users\/96"}],"replies":[{"embeddable":true,"href":"https:\/\/diarioregionaldigital.com.br\/index.php?rest_route=%2Fwp%2Fv2%2Fcomments&post=123425"}],"version-history":[{"count":0,"href":"https:\/\/diarioregionaldigital.com.br\/index.php?rest_route=\/wp\/v2\/posts\/123425\/revisions"}],"wp:attachment":[{"href":"https:\/\/diarioregionaldigital.com.br\/index.php?rest_route=%2Fwp%2Fv2%2Fmedia&parent=123425"}],"wp:term":[{"taxonomy":"category","embeddable":true,"href":"https:\/\/diarioregionaldigital.com.br\/index.php?rest_route=%2Fwp%2Fv2%2Fcategories&post=123425"},{"taxonomy":"post_tag","embeddable":true,"href":"https:\/\/diarioregionaldigital.com.br\/index.php?rest_route=%2Fwp%2Fv2%2Ftags&post=123425"}],"curies":[{"name":"wp","href":"https:\/\/api.w.org\/{rel}","templated":true}]}}