{"id":123418,"date":"2018-10-22T09:25:00","date_gmt":"2018-10-22T11:25:00","guid":{"rendered":"https:\/\/diarioregionaldigital.com.br\/?p=123418"},"modified":"2018-10-22T09:25:36","modified_gmt":"2018-10-22T11:25:36","slug":"frentista-de-posto-de-gasolina-da-zona-norte-e-ameacado-com-faca-por-assaltante","status":"publish","type":"post","link":"https:\/\/diarioregionaldigital.com.br\/?p=123418","title":{"rendered":"Frentista de posto de gasolina da zona Norte \u00e9 amea\u00e7ado com faca por assaltante"},"content":{"rendered":"<p>Na madrugada desta segunda-feira, um homem roubou um posto de gasolina no bairro Santa Am\u00e9lia, localizado na zona Norte de Juiz de Fora. Armado com uma faca, o assaltante entrou no estabelecimento comercial que fica na Avenida Garcia Rodrigues Paes e amea\u00e7ou o frentista, de 58 anos, que trabalhava no momento do crime.<\/p>\n<p>Segundo informa\u00e7\u00f5es do boletim de ocorr\u00eancia da Pol\u00edcia Militar, o assaltante roubou R$150 e fugiu no sentido ao bairro Benfica, tamb\u00e9m na regi\u00e3o Norte. Foi feito rastreamento na \u00e1rea, mas ele n\u00e3o foi encontrado.<\/p>\n","protected":false},"excerpt":{"rendered":"<p>Na madrugada desta segunda-feira, um homem roubou um posto de gasolina no bairro Santa Am\u00e9lia, localizado na zona Norte de Juiz de Fora. Armado com uma faca, o assaltante entrou no estabelecimento comercial que fica na Avenida Garcia Rodrigues Paes e amea\u00e7ou o frentista, de 58 anos, que trabalhava no momento do crime. Segundo informa\u00e7\u00f5es [&hellip;]<\/p>\n","protected":false},"author":96,"featured_media":95836,"comment_status":"closed","ping_status":"closed","sticky":false,"template":"","format":"standard","meta":{"footnotes":""},"categories":[301],"tags":[],"class_list":["post-123418","post","type-post","status-publish","format-standard","has-post-thumbnail","hentry","category-artigos-policiais"],"_links":{"self":[{"href":"https:\/\/diarioregionaldigital.com.br\/index.php?rest_route=\/wp\/v2\/posts\/123418","targetHints":{"allow":["GET"]}}],"collection":[{"href":"https:\/\/diarioregionaldigital.com.br\/index.php?rest_route=\/wp\/v2\/posts"}],"about":[{"href":"https:\/\/diarioregionaldigital.com.br\/index.php?rest_route=\/wp\/v2\/types\/post"}],"author":[{"embeddable":true,"href":"https:\/\/diarioregionaldigital.com.br\/index.php?rest_route=\/wp\/v2\/users\/96"}],"replies":[{"embeddable":true,"href":"https:\/\/diarioregionaldigital.com.br\/index.php?rest_route=%2Fwp%2Fv2%2Fcomments&post=123418"}],"version-history":[{"count":0,"href":"https:\/\/diarioregionaldigital.com.br\/index.php?rest_route=\/wp\/v2\/posts\/123418\/revisions"}],"wp:featuredmedia":[{"embeddable":true,"href":"https:\/\/diarioregionaldigital.com.br\/index.php?rest_route=\/wp\/v2\/media\/95836"}],"wp:attachment":[{"href":"https:\/\/diarioregionaldigital.com.br\/index.php?rest_route=%2Fwp%2Fv2%2Fmedia&parent=123418"}],"wp:term":[{"taxonomy":"category","embeddable":true,"href":"https:\/\/diarioregionaldigital.com.br\/index.php?rest_route=%2Fwp%2Fv2%2Fcategories&post=123418"},{"taxonomy":"post_tag","embeddable":true,"href":"https:\/\/diarioregionaldigital.com.br\/index.php?rest_route=%2Fwp%2Fv2%2Ftags&post=123418"}],"curies":[{"name":"wp","href":"https:\/\/api.w.org\/{rel}","templated":true}]}}