{"id":123412,"date":"2018-10-22T09:07:34","date_gmt":"2018-10-22T11:07:34","guid":{"rendered":"https:\/\/diarioregionaldigital.com.br\/?p=123412"},"modified":"2018-10-22T09:16:22","modified_gmt":"2018-10-22T11:16:22","slug":"menor-e-vitima-de-assalto-na-rodoviaria-de-juiz-de-fora","status":"publish","type":"post","link":"https:\/\/diarioregionaldigital.com.br\/?p=123412","title":{"rendered":"Menor \u00e9 v\u00edtima de assalto na rodovi\u00e1ria de Juiz de Fora"},"content":{"rendered":"<p>Nesta segunda-feira, 22, um menor de 16 anos foi v\u00edtima de um assalto dentro do Terminal Rodovi\u00e1rio Miguel Mansur, no bairro S\u00e3o Dimas, zona Norte de Juiz de Fora. O adolescente foi abordado por uma dupla, um rapaz e uma jovem. Os autores, que estavam armados, anunciaram o assalto e roubaram o celular, documentos pessoais e R$180 da v\u00edtima. Em seguida, sa\u00edram correndo em dire\u00e7\u00e3o ao shopping que h\u00e1 do lado da rodovi\u00e1ria.<\/p>\n<p>A Pol\u00edcia Militar (PM) foi acionada e, durante o rastreamento na regi\u00e3o, os militares encontraram os dois autores na Rua Coronel Vidal, a cerca de 1,5 km do local do assalto. Eles estavam prestes a embarcar em um \u00f4nibus, mas foram impedidos pela PM.<\/p>\n<p>O rapaz, que tem 18 anos, foi preso e a jovem, de 16 anos, foi apreendida e encaminhada \u00e0 delegacia com sua representante legal, de 45 anos.<\/p>\n<p>O celular e a carteira da v\u00edtima com o dinheiro foram recuperados.<\/p>\n<p>&nbsp;<\/p>\n","protected":false},"excerpt":{"rendered":"<p>Nesta segunda-feira, 22, um menor de 16 anos foi v\u00edtima de um assalto dentro do Terminal Rodovi\u00e1rio Miguel Mansur, no bairro S\u00e3o Dimas, zona Norte de Juiz de Fora. O adolescente foi abordado por uma dupla, um rapaz e uma jovem. Os autores, que estavam armados, anunciaram o assalto e roubaram o celular, documentos pessoais [&hellip;]<\/p>\n","protected":false},"author":96,"featured_media":97342,"comment_status":"closed","ping_status":"closed","sticky":false,"template":"","format":"standard","meta":{"footnotes":""},"categories":[301],"tags":[],"class_list":["post-123412","post","type-post","status-publish","format-standard","has-post-thumbnail","hentry","category-artigos-policiais"],"_links":{"self":[{"href":"https:\/\/diarioregionaldigital.com.br\/index.php?rest_route=\/wp\/v2\/posts\/123412","targetHints":{"allow":["GET"]}}],"collection":[{"href":"https:\/\/diarioregionaldigital.com.br\/index.php?rest_route=\/wp\/v2\/posts"}],"about":[{"href":"https:\/\/diarioregionaldigital.com.br\/index.php?rest_route=\/wp\/v2\/types\/post"}],"author":[{"embeddable":true,"href":"https:\/\/diarioregionaldigital.com.br\/index.php?rest_route=\/wp\/v2\/users\/96"}],"replies":[{"embeddable":true,"href":"https:\/\/diarioregionaldigital.com.br\/index.php?rest_route=%2Fwp%2Fv2%2Fcomments&post=123412"}],"version-history":[{"count":0,"href":"https:\/\/diarioregionaldigital.com.br\/index.php?rest_route=\/wp\/v2\/posts\/123412\/revisions"}],"wp:featuredmedia":[{"embeddable":true,"href":"https:\/\/diarioregionaldigital.com.br\/index.php?rest_route=\/wp\/v2\/media\/97342"}],"wp:attachment":[{"href":"https:\/\/diarioregionaldigital.com.br\/index.php?rest_route=%2Fwp%2Fv2%2Fmedia&parent=123412"}],"wp:term":[{"taxonomy":"category","embeddable":true,"href":"https:\/\/diarioregionaldigital.com.br\/index.php?rest_route=%2Fwp%2Fv2%2Fcategories&post=123412"},{"taxonomy":"post_tag","embeddable":true,"href":"https:\/\/diarioregionaldigital.com.br\/index.php?rest_route=%2Fwp%2Fv2%2Ftags&post=123412"}],"curies":[{"name":"wp","href":"https:\/\/api.w.org\/{rel}","templated":true}]}}