{"id":123390,"date":"2018-10-22T06:00:55","date_gmt":"2018-10-22T08:00:55","guid":{"rendered":"https:\/\/diarioregionaldigital.com.br\/?p=123390"},"modified":"2018-10-22T10:44:54","modified_gmt":"2018-10-22T12:44:54","slug":"policiais-civis-de-sao-paulo-sao-autuados-por-lavagem-de-dinheiro","status":"publish","type":"post","link":"https:\/\/diarioregionaldigital.com.br\/?p=123390","title":{"rendered":"Policiais civis de S\u00e3o Paulo s\u00e3o autuados por lavagem de dinheiro"},"content":{"rendered":"<p>O Superintendente de Investiga\u00e7\u00e3o e Pol\u00edcia Judici\u00e1ria, Carlos Capristrano, junto ao chefe do 4\u00ba Departamento de Pol\u00edcia Civil, Carlos Roberto da Silveira, realizaram uma coletiva na tarde deste s\u00e1bado, 20, para falar sobre a troca de tiros que ocorreu no estacionamento do Centro M\u00e9dico Hospital Monte Sinai no final da tarde de sexta-feira, 19. O epis\u00f3dio ocasionou na <a href=\"https:\/\/diarioregionaldigital.com.br\/2018\/10\/20\/troca-de-tiros-deixa-uma-pessoa-morta-no-monte-sinai-em-juiz-de-fora\/\">morte do Policial Civil Rodrigo Francisco, lotado em Juiz de Fora<\/a>, e na<a href=\"https:\/\/diarioregionaldigital.com.br\/2018\/10\/20\/policia-civil-encontra-r14-milhoes-em-malas-nos-carros-que-estavam-com-policiais-de-sp-envolvidos-no-tiroteio-em-juiz-de-fora\/\"> apreens\u00e3o de cerca de R$14 milh\u00f5es em dinheiro, sendo parte desse dinheiro falso.\u00a0<\/a><\/p>\n<div id=\"attachment_123397\" style=\"width: 1034px\" class=\"wp-caption aligncenter\"><img loading=\"lazy\" decoding=\"async\" aria-describedby=\"caption-attachment-123397\" class=\"wp-image-123397 size-large\" src=\"https:\/\/diarioregionaldigital.com.br\/wp-content\/uploads\/2018\/10\/IMG_3910-1024x683.jpg\" alt=\"\" width=\"1024\" height=\"683\" srcset=\"https:\/\/diarioregionaldigital.com.br\/wp-content\/uploads\/2018\/10\/IMG_3910-1024x683.jpg 1024w, https:\/\/diarioregionaldigital.com.br\/wp-content\/uploads\/2018\/10\/IMG_3910-300x200.jpg 300w, https:\/\/diarioregionaldigital.com.br\/wp-content\/uploads\/2018\/10\/IMG_3910-768x512.jpg 768w, https:\/\/diarioregionaldigital.com.br\/wp-content\/uploads\/2018\/10\/IMG_3910-360x240.jpg 360w\" sizes=\"auto, (max-width: 1024px) 100vw, 1024px\" \/><p id=\"caption-attachment-123397\" class=\"wp-caption-text\">O Superintendente de Investiga\u00e7\u00e3o e Pol\u00edcia Judici\u00e1ria, Carlos Capistrano, junto ao chefe do 4\u00ba Departamento de Pol\u00edcia Civil, Carlos Roberto da Silveira, realizaram uma coletiva na tarde deste s\u00e1bado, 20, para falar sobre a troca de tiros que ocorreu no estacionamento do Centro M\u00e9dico Hospital Monte Sinai no final da tarde de sexta-feira, 19. Foto: Rafaela Frutuoso<\/p><\/div>\n<p>De acordo com as novas informa\u00e7\u00f5es apresentadas pelo Superintendente Capristrano, no total, foram nove policiais civis do estado de S\u00e3o Paulo. Quatro destes, dois delegados e dois investigadores, foram presos em flagrante e autuados por lavagem de dinheiro e os outros cinco foram ouvidos e liberados pois n\u00e3o tiveram o flagrante ratificado, mas tamb\u00e9m ser\u00e3o autuados pelo mesmo crime. Ainda segundo as informa\u00e7\u00f5es, um dos autores est\u00e1 no hospital em estado grave, em quadro est\u00e1vel, e est\u00e1 sendo autuado pelo crime de homic\u00eddio consumado e outro envolvido, que \u00e9 o propriet\u00e1rio do dinheiro e estava na cena do crime, foi autuado pelo crime de estelionato tentado.<\/p>\n<p>As informa\u00e7\u00f5es d\u00e3o conta de que os policiais faziam a escolta de um empres\u00e1rio da cidade que vinha de S\u00e3o Paulo para Juiz de Fora com uma certa quantia em d\u00f3lar, para realizar a troca da moeda no munic\u00edpio. Ap\u00f3s o ocorrido, ele fugiu levando os d\u00f3lares.<\/p>\n<p>Os quatro policiais de S\u00e3o Paulo que est\u00e3o presos em Juiz de Fora v\u00e3o ser transferidos para Belo Horizonte.<\/p>\n<p>Capristrano ainda informou que os tr\u00eas policiais civis de Minas Gerais foram autuados pelo crime de prevarica\u00e7\u00e3o, que \u00e9 um crime cometido por funcion\u00e1rio p\u00fablico quando, indevidamente, este retarda ou deixa de praticar ato de of\u00edcio, ou pratica-o contra disposi\u00e7\u00e3o legal expressa, com intuito de satisfazer interesse pessoal. A Pol\u00edcia n\u00e3o informou qual seria o envolvimento dos policiais mineiros no ocorrido e nem qual foi o motivo que acarretou na troca de tiros.<\/p>\n<p>O corpo do Policial Civil Rodrigo Francisco foi enterrado na tarde desta s\u00e1bado, 20, no Cemit\u00e9rio Municipal. Grande movimenta\u00e7\u00e3o no local e os presentes estavam bastante comovidos. Rodrigo deixa a esposa e uma filha de 5 anos.<\/p>\n","protected":false},"excerpt":{"rendered":"<p>O Superintendente de Investiga\u00e7\u00e3o e Pol\u00edcia Judici\u00e1ria, Carlos Capristrano, junto ao chefe do 4\u00ba Departamento de Pol\u00edcia Civil, Carlos Roberto da Silveira, realizaram uma coletiva na tarde deste s\u00e1bado, 20, para falar sobre a troca de tiros que ocorreu no estacionamento do Centro M\u00e9dico Hospital Monte Sinai no final da tarde de sexta-feira, 19. O [&hellip;]<\/p>\n","protected":false},"author":96,"featured_media":123399,"comment_status":"closed","ping_status":"closed","sticky":false,"template":"","format":"standard","meta":{"footnotes":""},"categories":[301,436,439],"tags":[],"class_list":["post-123390","post","type-post","status-publish","format-standard","has-post-thumbnail","hentry","category-artigos-policiais","category-destaque-da-semana","category-ultima-hora"],"_links":{"self":[{"href":"https:\/\/diarioregionaldigital.com.br\/index.php?rest_route=\/wp\/v2\/posts\/123390","targetHints":{"allow":["GET"]}}],"collection":[{"href":"https:\/\/diarioregionaldigital.com.br\/index.php?rest_route=\/wp\/v2\/posts"}],"about":[{"href":"https:\/\/diarioregionaldigital.com.br\/index.php?rest_route=\/wp\/v2\/types\/post"}],"author":[{"embeddable":true,"href":"https:\/\/diarioregionaldigital.com.br\/index.php?rest_route=\/wp\/v2\/users\/96"}],"replies":[{"embeddable":true,"href":"https:\/\/diarioregionaldigital.com.br\/index.php?rest_route=%2Fwp%2Fv2%2Fcomments&post=123390"}],"version-history":[{"count":0,"href":"https:\/\/diarioregionaldigital.com.br\/index.php?rest_route=\/wp\/v2\/posts\/123390\/revisions"}],"wp:featuredmedia":[{"embeddable":true,"href":"https:\/\/diarioregionaldigital.com.br\/index.php?rest_route=\/wp\/v2\/media\/123399"}],"wp:attachment":[{"href":"https:\/\/diarioregionaldigital.com.br\/index.php?rest_route=%2Fwp%2Fv2%2Fmedia&parent=123390"}],"wp:term":[{"taxonomy":"category","embeddable":true,"href":"https:\/\/diarioregionaldigital.com.br\/index.php?rest_route=%2Fwp%2Fv2%2Fcategories&post=123390"},{"taxonomy":"post_tag","embeddable":true,"href":"https:\/\/diarioregionaldigital.com.br\/index.php?rest_route=%2Fwp%2Fv2%2Ftags&post=123390"}],"curies":[{"name":"wp","href":"https:\/\/api.w.org\/{rel}","templated":true}]}}