{"id":123376,"date":"2018-10-20T15:00:07","date_gmt":"2018-10-20T18:00:07","guid":{"rendered":"https:\/\/diarioregionaldigital.com.br\/?p=123376"},"modified":"2018-10-20T15:00:07","modified_gmt":"2018-10-20T18:00:07","slug":"pf-abre-inquerito-para-investigar-fake-news-envolvendo-candidatos","status":"publish","type":"post","link":"https:\/\/diarioregionaldigital.com.br\/?p=123376","title":{"rendered":"PF abre inqu\u00e9rito para investigar fake news envolvendo candidatos"},"content":{"rendered":"<p>A Pol\u00edcia Federal (PF) instaurou neste s\u00e1bado, 20, inqu\u00e9rito para investigar a dissemina\u00e7\u00e3o de mensagens pelo WhatsApp referentes aos candidatos \u00e0 Presid\u00eancia da Rep\u00fablica.<\/p>\n<p>O pedido de abertura de investiga\u00e7\u00e3o foi feito pela procuradora-geral da Rep\u00fablica, Raquel Dodge. Ela\u00a0 quer que a PF apure o poss\u00edvel uso de esquema profissional por parte das campanhas, com o prop\u00f3sito de propagar not\u00edcias falsas, as chamadas<em>\u00a0fake news<\/em>.<\/p>\n<p>Esta semana, jornais publicaram mat\u00e9rias segundo as quais empresas de marketing digital, custeadas por empres\u00e1rios que apoiam o candidato \u00e0 Presid\u00eancia, Jair Bolsonaro, estariam disseminando conte\u00fado em milhares de grupos do aplicativo.<\/p>\n<p>O Tribunal Superior Eleitoral (TSE) tamb\u00e9m abriu processo, depois de a\u00e7\u00e3o ajuizada pela candidatura de Fernando Haddad (PT) na quinta-feira, 18.<\/p>\n<p>Ao rebater as acusa\u00e7\u00f5es, pelo\u00a0<em>Twitter<\/em>, Jair Bolsonaro afirmou que n\u00e3o tem controle sobre apoios volunt\u00e1rios e afirmou que o PT n\u00e3o est\u00e1 sendo prejudicado por\u00a0<em>fake news<\/em>, mas pela \u201cverdade\u201d.<\/p>\n<p>As mat\u00e9rias dos jornais apontaram uma rede de empresas contratadas para efetuar os disparos em massa.<\/p>\n<p>Os contratos, que chegariam a R$ 12 milh\u00f5es, seriam bancados por empres\u00e1rios pr\u00f3ximos ao candidato.<\/p>\n<p>Para a procuradora Raquel Dodge, o quadro de poss\u00edvel interfer\u00eancia na forma\u00e7\u00e3o de opini\u00e3o dos eleitores com atua\u00e7\u00e3o dessas empresas com mensagens que podem caracterizar ofensas aos dois candidatos \u201cafronta a integridade do processo eleitoral\u201d.<\/p>\n<p>Fonte: Ag\u00eancia Brasil<\/p>\n","protected":false},"excerpt":{"rendered":"<p>A Pol\u00edcia Federal (PF) instaurou neste s\u00e1bado, 20, inqu\u00e9rito para investigar a dissemina\u00e7\u00e3o de mensagens pelo WhatsApp referentes aos candidatos \u00e0 Presid\u00eancia da Rep\u00fablica. O pedido de abertura de investiga\u00e7\u00e3o foi feito pela procuradora-geral da Rep\u00fablica, Raquel Dodge. Ela\u00a0 quer que a PF apure o poss\u00edvel uso de esquema profissional por parte das campanhas, com [&hellip;]<\/p>\n","protected":false},"author":96,"featured_media":123377,"comment_status":"closed","ping_status":"closed","sticky":false,"template":"","format":"standard","meta":{"footnotes":""},"categories":[436,254,439],"tags":[],"class_list":["post-123376","post","type-post","status-publish","format-standard","has-post-thumbnail","hentry","category-destaque-da-semana","category-politica","category-ultima-hora"],"_links":{"self":[{"href":"https:\/\/diarioregionaldigital.com.br\/index.php?rest_route=\/wp\/v2\/posts\/123376","targetHints":{"allow":["GET"]}}],"collection":[{"href":"https:\/\/diarioregionaldigital.com.br\/index.php?rest_route=\/wp\/v2\/posts"}],"about":[{"href":"https:\/\/diarioregionaldigital.com.br\/index.php?rest_route=\/wp\/v2\/types\/post"}],"author":[{"embeddable":true,"href":"https:\/\/diarioregionaldigital.com.br\/index.php?rest_route=\/wp\/v2\/users\/96"}],"replies":[{"embeddable":true,"href":"https:\/\/diarioregionaldigital.com.br\/index.php?rest_route=%2Fwp%2Fv2%2Fcomments&post=123376"}],"version-history":[{"count":0,"href":"https:\/\/diarioregionaldigital.com.br\/index.php?rest_route=\/wp\/v2\/posts\/123376\/revisions"}],"wp:featuredmedia":[{"embeddable":true,"href":"https:\/\/diarioregionaldigital.com.br\/index.php?rest_route=\/wp\/v2\/media\/123377"}],"wp:attachment":[{"href":"https:\/\/diarioregionaldigital.com.br\/index.php?rest_route=%2Fwp%2Fv2%2Fmedia&parent=123376"}],"wp:term":[{"taxonomy":"category","embeddable":true,"href":"https:\/\/diarioregionaldigital.com.br\/index.php?rest_route=%2Fwp%2Fv2%2Fcategories&post=123376"},{"taxonomy":"post_tag","embeddable":true,"href":"https:\/\/diarioregionaldigital.com.br\/index.php?rest_route=%2Fwp%2Fv2%2Ftags&post=123376"}],"curies":[{"name":"wp","href":"https:\/\/api.w.org\/{rel}","templated":true}]}}