{"id":123373,"date":"2018-10-20T14:54:23","date_gmt":"2018-10-20T17:54:23","guid":{"rendered":"https:\/\/diarioregionaldigital.com.br\/?p=123373"},"modified":"2018-10-20T14:54:23","modified_gmt":"2018-10-20T17:54:23","slug":"partido-de-bolsonaro-quer-que-pgr-investigue-esquema-sobre-fake-news","status":"publish","type":"post","link":"https:\/\/diarioregionaldigital.com.br\/?p=123373","title":{"rendered":"Partido de Bolsonaro quer que PGR investigue esquema sobre fake news"},"content":{"rendered":"<p>O presidente nacional do PSL, Gustavo Bebianno, disse neste s\u00e1bado, 20, que seu partido ingressar\u00e1 na segunda-feira, 22, com uma a\u00e7\u00e3o na Procuradoria-Geral da Rep\u00fablica (PGR) para abertura de investiga\u00e7\u00f5es sobre suposto esquema de dissemina\u00e7\u00e3o de fake news anti-PT, financiado por empres\u00e1rios via caixa 2.<\/p>\n<p>A den\u00fancia &#8211; publicada na imprensa ao longo desta semana &#8211; informa que a propaga\u00e7\u00e3o de informa\u00e7\u00f5es falsas \u00e9 ampla e ocorre por meio da plataforma do WhatsApp.<\/p>\n<p>O assunto j\u00e1 est\u00e1 na\u00a0Justi\u00e7a Eleitoral. Ontem, 19, o ministro Jorge Mussi, do Tribunal Superior Eleitoral, abriu a\u00e7\u00e3o para investigar o suposto esquema.<\/p>\n<p>Em Fortaleza, o candidato do PT \u00e0 Presid\u00eancia da Rep\u00fablica, Fernando Haddad, disse que tem sido \u201co centro de cal\u00fanias\u201d do advers\u00e1rio Jair Bolsonaro (PSL). Novamente, ele cobrou provid\u00eancias sobre as suspeitas que envolvem o envio de mensagens falsas.<\/p>\n<p>Bolsonaro e sua equipe negam qualquer envolvimento no esquema. Segundo o candidato, ele que \u00e9 v\u00edtima de not\u00edcias falsas. Hoje (20) pela manh\u00e3, o presidenci\u00e1vel foi \u00e0 resid\u00eancia do empres\u00e1rio Paulo Marinho, no Jardim Bot\u00e2nico, no Rio de Janeiro, para gravar programas eleitorais.<\/p>\n<p>De acordo com assessores, Bolsonaro gravar\u00e1 entrevistas para a TV Aparecida e conceder\u00e1 exclusivas para r\u00e1dios do Norte e Nordeste. Haddad passa o fim de semana no Nordeste onde tem compromissos em cidades do Cear\u00e1, Piau\u00ed e Maranh\u00e3o.<\/p>\n<p>&nbsp;<\/p>\n<p>Fonte: Ag\u00eancia Brasil<\/p>\n","protected":false},"excerpt":{"rendered":"<p>O presidente nacional do PSL, Gustavo Bebianno, disse neste s\u00e1bado, 20, que seu partido ingressar\u00e1 na segunda-feira, 22, com uma a\u00e7\u00e3o na Procuradoria-Geral da Rep\u00fablica (PGR) para abertura de investiga\u00e7\u00f5es sobre suposto esquema de dissemina\u00e7\u00e3o de fake news anti-PT, financiado por empres\u00e1rios via caixa 2. A den\u00fancia &#8211; publicada na imprensa ao longo desta semana [&hellip;]<\/p>\n","protected":false},"author":96,"featured_media":123374,"comment_status":"closed","ping_status":"closed","sticky":false,"template":"","format":"standard","meta":{"footnotes":""},"categories":[436,254,439],"tags":[],"class_list":["post-123373","post","type-post","status-publish","format-standard","has-post-thumbnail","hentry","category-destaque-da-semana","category-politica","category-ultima-hora"],"_links":{"self":[{"href":"https:\/\/diarioregionaldigital.com.br\/index.php?rest_route=\/wp\/v2\/posts\/123373","targetHints":{"allow":["GET"]}}],"collection":[{"href":"https:\/\/diarioregionaldigital.com.br\/index.php?rest_route=\/wp\/v2\/posts"}],"about":[{"href":"https:\/\/diarioregionaldigital.com.br\/index.php?rest_route=\/wp\/v2\/types\/post"}],"author":[{"embeddable":true,"href":"https:\/\/diarioregionaldigital.com.br\/index.php?rest_route=\/wp\/v2\/users\/96"}],"replies":[{"embeddable":true,"href":"https:\/\/diarioregionaldigital.com.br\/index.php?rest_route=%2Fwp%2Fv2%2Fcomments&post=123373"}],"version-history":[{"count":0,"href":"https:\/\/diarioregionaldigital.com.br\/index.php?rest_route=\/wp\/v2\/posts\/123373\/revisions"}],"wp:featuredmedia":[{"embeddable":true,"href":"https:\/\/diarioregionaldigital.com.br\/index.php?rest_route=\/wp\/v2\/media\/123374"}],"wp:attachment":[{"href":"https:\/\/diarioregionaldigital.com.br\/index.php?rest_route=%2Fwp%2Fv2%2Fmedia&parent=123373"}],"wp:term":[{"taxonomy":"category","embeddable":true,"href":"https:\/\/diarioregionaldigital.com.br\/index.php?rest_route=%2Fwp%2Fv2%2Fcategories&post=123373"},{"taxonomy":"post_tag","embeddable":true,"href":"https:\/\/diarioregionaldigital.com.br\/index.php?rest_route=%2Fwp%2Fv2%2Ftags&post=123373"}],"curies":[{"name":"wp","href":"https:\/\/api.w.org\/{rel}","templated":true}]}}