{"id":123370,"date":"2018-10-20T14:49:52","date_gmt":"2018-10-20T17:49:52","guid":{"rendered":"https:\/\/diarioregionaldigital.com.br\/?p=123370"},"modified":"2018-10-20T14:49:52","modified_gmt":"2018-10-20T17:49:52","slug":"anvisa-aprova-novos-tratamentos-contra-o-cancer","status":"publish","type":"post","link":"https:\/\/diarioregionaldigital.com.br\/?p=123370","title":{"rendered":"Anvisa aprova novos tratamentos contra o c\u00e2ncer"},"content":{"rendered":"<p>A Ag\u00eancia Nacional de Vigil\u00e2ncia Sanit\u00e1ria (Anvisa) aprovou esta semana tr\u00eas novos tratamentos para o c\u00e2ncer. Para pacientes com c\u00e2ncer de pr\u00f3stata, foi aprovado o registro do medicamento\u00a0<a href=\"http:\/\/portal.imprensanacional.gov.br\/materia\/-\/asset_publisher\/Kujrw0TZC2Mb\/content\/id\/45219302\/do1a-2018-10-15-resolucao-re-n-2-812-de-10-de-outubro-de-2018-45219076\" target=\"_blank\" rel=\"noopener\">Erleada<\/a>\u00a0(apalutamida), que ser\u00e1 comercializado na forma farmac\u00eautica de comprimido revestido, na concentra\u00e7\u00e3o de 60 miligramas (mg).<\/p>\n<p>De acordo com a ag\u00eancia, o rem\u00e9dio, com dose de 240 mg (quatro comprimidos revestidos de 60 mg), em combina\u00e7\u00e3o com terapia de priva\u00e7\u00e3o androg\u00eanica (castra\u00e7\u00e3o medicamentosa ou cir\u00fargica), \u00e9 indicado para o tratamento de pacientes adultos com c\u00e2ncer de pr\u00f3stata n\u00e3o metast\u00e1tico resistente \u00e0 castra\u00e7\u00e3o.<\/p>\n<h2>C\u00e2ncer nos rins<\/h2>\n<p>Pacientes diagnosticados com carcinoma de c\u00e9lulas renais \u2013 um tipo de c\u00e2ncer nos rins \u2013 passaram a contar com uma nova indica\u00e7\u00e3o terap\u00eautica, resultado da combina\u00e7\u00e3o de dois produtos biol\u00f3gicos usados em tratamentos oncol\u00f3gicos. Os medicamentos s\u00e3o o\u00a0<a href=\"http:\/\/portal.imprensanacional.gov.br\/materia\/-\/asset_publisher\/Kujrw0TZC2Mb\/content\/id\/45218778\/do1a-2018-10-15-resolucao-re-n-2-802-de-10-de-outubro-de-2018-45218519\" target=\"_blank\" rel=\"noopener\">Opdivo<\/a>\u00a0(nivolumabe) e o\u00a0<a href=\"http:\/\/portal.imprensanacional.gov.br\/materia\/-\/asset_publisher\/Kujrw0TZC2Mb\/content\/id\/45218778\/do1a-2018-10-15-resolucao-re-n-2-802-de-10-de-outubro-de-2018-45218519\" target=\"_blank\" rel=\"noopener\">Yervoy<\/a>\u00a0(ipilimumabe), que integram o rol de novas op\u00e7\u00f5es de terapias para o combate ao c\u00e2ncer, denominadas imunoterapias.<\/p>\n<p>A nova indica\u00e7\u00e3o aprovada pela Anvisa \u00e9 direcionada para o tratamento de primeira linha em pacientes adultos com carcinoma de c\u00e9lulas renais de risco intermedi\u00e1rio ou alto.<\/p>\n<p>A ag\u00eancia tamb\u00e9m aprovou o registro de um novo medicamento para o tratamento de carcinoma de c\u00e9lulas renais\u00a0avan\u00e7ado. O produto \u00e9 o\u00a0<a href=\"http:\/\/portal.imprensanacional.gov.br\/materia\/-\/asset_publisher\/Kujrw0TZC2Mb\/content\/id\/45218778\/do1a-2018-10-15-resolucao-re-n-2-802-de-10-de-outubro-de-2018-45218519\" target=\"_blank\" rel=\"noopener\">Cabometyx<\/a>\u00a0(levomalato de cabozantinibe), que ser\u00e1 comercializado na forma farmac\u00eautica de comprimido revestido, nas concentra\u00e7\u00f5es de 20 mg, 40 mg e 60 mg.<\/p>\n<p>O rem\u00e9dio, segundo a Anvisa, \u00e9 indicado para adultos n\u00e3o tratados previamente (primeira linha) e para pacientes que j\u00e1 passaram por outro tratamento (segunda\u00a0linha).<\/p>\n<p>&nbsp;<\/p>\n<p>Fonte: Ag\u00eancia Brasil<\/p>\n","protected":false},"excerpt":{"rendered":"<p>A Ag\u00eancia Nacional de Vigil\u00e2ncia Sanit\u00e1ria (Anvisa) aprovou esta semana tr\u00eas novos tratamentos para o c\u00e2ncer. Para pacientes com c\u00e2ncer de pr\u00f3stata, foi aprovado o registro do medicamento\u00a0Erleada\u00a0(apalutamida), que ser\u00e1 comercializado na forma farmac\u00eautica de comprimido revestido, na concentra\u00e7\u00e3o de 60 miligramas (mg). De acordo com a ag\u00eancia, o rem\u00e9dio, com dose de 240 mg [&hellip;]<\/p>\n","protected":false},"author":96,"featured_media":123371,"comment_status":"closed","ping_status":"closed","sticky":false,"template":"","format":"standard","meta":{"footnotes":""},"categories":[302,436,439],"tags":[],"class_list":["post-123370","post","type-post","status-publish","format-standard","has-post-thumbnail","hentry","category-brasil-mundo","category-destaque-da-semana","category-ultima-hora"],"_links":{"self":[{"href":"https:\/\/diarioregionaldigital.com.br\/index.php?rest_route=\/wp\/v2\/posts\/123370","targetHints":{"allow":["GET"]}}],"collection":[{"href":"https:\/\/diarioregionaldigital.com.br\/index.php?rest_route=\/wp\/v2\/posts"}],"about":[{"href":"https:\/\/diarioregionaldigital.com.br\/index.php?rest_route=\/wp\/v2\/types\/post"}],"author":[{"embeddable":true,"href":"https:\/\/diarioregionaldigital.com.br\/index.php?rest_route=\/wp\/v2\/users\/96"}],"replies":[{"embeddable":true,"href":"https:\/\/diarioregionaldigital.com.br\/index.php?rest_route=%2Fwp%2Fv2%2Fcomments&post=123370"}],"version-history":[{"count":0,"href":"https:\/\/diarioregionaldigital.com.br\/index.php?rest_route=\/wp\/v2\/posts\/123370\/revisions"}],"wp:featuredmedia":[{"embeddable":true,"href":"https:\/\/diarioregionaldigital.com.br\/index.php?rest_route=\/wp\/v2\/media\/123371"}],"wp:attachment":[{"href":"https:\/\/diarioregionaldigital.com.br\/index.php?rest_route=%2Fwp%2Fv2%2Fmedia&parent=123370"}],"wp:term":[{"taxonomy":"category","embeddable":true,"href":"https:\/\/diarioregionaldigital.com.br\/index.php?rest_route=%2Fwp%2Fv2%2Fcategories&post=123370"},{"taxonomy":"post_tag","embeddable":true,"href":"https:\/\/diarioregionaldigital.com.br\/index.php?rest_route=%2Fwp%2Fv2%2Ftags&post=123370"}],"curies":[{"name":"wp","href":"https:\/\/api.w.org\/{rel}","templated":true}]}}