{"id":123364,"date":"2018-10-20T14:30:33","date_gmt":"2018-10-20T17:30:33","guid":{"rendered":"https:\/\/diarioregionaldigital.com.br\/?p=123364"},"modified":"2018-10-20T14:30:33","modified_gmt":"2018-10-20T17:30:33","slug":"haddad-cobra-providencias-sobre-suposto-financiamento-para-fake-news","status":"publish","type":"post","link":"https:\/\/diarioregionaldigital.com.br\/?p=123364","title":{"rendered":"Haddad cobra provid\u00eancias sobre suposto financiamento para fake news"},"content":{"rendered":"<p>O candidato \u00e0 Presid\u00eancia da Rep\u00fablica pelo PT, Fernando Haddad, afirmou,\u00a0 em Fortaleza, que tem sido \u201co centro de cal\u00fanias\u201d de seu advers\u00e1rio Jair Bolsonaro (PSL).<\/p>\n<p>Ele cobrou provid\u00eancias para que sejam conduzidas investiga\u00e7\u00f5es sobre o suposto grupo de empres\u00e1rios que financiaria o envio em massa de mensagens falsas anti-PT na plataforma WhatsApp.<\/p>\n<p>&#8220;Esperamos que com o tranco [de anteontem, 18], essas den\u00fancias tragam pris\u00e3o preventiva de algum empres\u00e1rio, para que eles denunciem em dela\u00e7\u00e3o o que que aconteceu na campanha dele&#8221;, disse aos apoiadores que o aguardavam no Comit\u00ea Cultura, na Praia de Iracema.<\/p>\n<p>Na capital cearense, Haddad\u00a0 participou de um ato pol\u00edtico ao lado da mulher, Ana Estela Haddad, dos deputados federais Luizianne Lins e Jos\u00e9 Guimar\u00e3es, ambos do PT, e do candidato ao governo do Cear\u00e1 pelo PSOL, Ailton Lopes. Ele reiterou as cr\u00edticas ao advers\u00e1rio e ressaltou que \u201cmod\u00e9stia \u00e0 parte, o Brasil precisa mais de um professor que de um miliciano\u201d.<\/p>\n<p>Agenda<\/p>\n<p>Na busca por angariar mais votos no Nordeste, onde o PT teve vantagem em v\u00e1rios estados, Haddad faz hoje (20) caminhada em Fortaleza e segue para atos organizados em Juazeiro do Norte e Crato, no Cear\u00e1.<\/p>\n<p>No in\u00edcio da noite, o candidato segue para o Piau\u00ed, onde encontrar\u00e1 apoiadores na cidade de Picos, localizada a 307 km da capital, Teresina. No domingo (21), a previs\u00e3o \u00e9 ato em S\u00e3o Lu\u00eds, no Maranh\u00e3o.<\/p>\n<p>Ontem, 19, no Rio de Janeiro, Haddad reclamou do que classifica como \u201cJusti\u00e7a anal\u00f3gica\u201d para apurar o que chama de \u201ctsunami cibern\u00e9tico\u201d, referindo-se \u00e0 avalanche de not\u00edcias falsas disseminada nesta campanha eleitoral. O assunto est\u00e1 em investiga\u00e7\u00e3o e a Pol\u00edcia Federal pode ser acionada para apurar.<\/p>\n<p>&nbsp;<\/p>\n<p>Fonte: Ag\u00eancia Brasil<\/p>\n","protected":false},"excerpt":{"rendered":"<p>O candidato \u00e0 Presid\u00eancia da Rep\u00fablica pelo PT, Fernando Haddad, afirmou,\u00a0 em Fortaleza, que tem sido \u201co centro de cal\u00fanias\u201d de seu advers\u00e1rio Jair Bolsonaro (PSL). Ele cobrou provid\u00eancias para que sejam conduzidas investiga\u00e7\u00f5es sobre o suposto grupo de empres\u00e1rios que financiaria o envio em massa de mensagens falsas anti-PT na plataforma WhatsApp. &#8220;Esperamos que [&hellip;]<\/p>\n","protected":false},"author":96,"featured_media":123365,"comment_status":"closed","ping_status":"closed","sticky":false,"template":"","format":"standard","meta":{"footnotes":""},"categories":[436,254,439],"tags":[],"class_list":["post-123364","post","type-post","status-publish","format-standard","has-post-thumbnail","hentry","category-destaque-da-semana","category-politica","category-ultima-hora"],"_links":{"self":[{"href":"https:\/\/diarioregionaldigital.com.br\/index.php?rest_route=\/wp\/v2\/posts\/123364","targetHints":{"allow":["GET"]}}],"collection":[{"href":"https:\/\/diarioregionaldigital.com.br\/index.php?rest_route=\/wp\/v2\/posts"}],"about":[{"href":"https:\/\/diarioregionaldigital.com.br\/index.php?rest_route=\/wp\/v2\/types\/post"}],"author":[{"embeddable":true,"href":"https:\/\/diarioregionaldigital.com.br\/index.php?rest_route=\/wp\/v2\/users\/96"}],"replies":[{"embeddable":true,"href":"https:\/\/diarioregionaldigital.com.br\/index.php?rest_route=%2Fwp%2Fv2%2Fcomments&post=123364"}],"version-history":[{"count":0,"href":"https:\/\/diarioregionaldigital.com.br\/index.php?rest_route=\/wp\/v2\/posts\/123364\/revisions"}],"wp:featuredmedia":[{"embeddable":true,"href":"https:\/\/diarioregionaldigital.com.br\/index.php?rest_route=\/wp\/v2\/media\/123365"}],"wp:attachment":[{"href":"https:\/\/diarioregionaldigital.com.br\/index.php?rest_route=%2Fwp%2Fv2%2Fmedia&parent=123364"}],"wp:term":[{"taxonomy":"category","embeddable":true,"href":"https:\/\/diarioregionaldigital.com.br\/index.php?rest_route=%2Fwp%2Fv2%2Fcategories&post=123364"},{"taxonomy":"post_tag","embeddable":true,"href":"https:\/\/diarioregionaldigital.com.br\/index.php?rest_route=%2Fwp%2Fv2%2Ftags&post=123364"}],"curies":[{"name":"wp","href":"https:\/\/api.w.org\/{rel}","templated":true}]}}