{"id":123361,"date":"2018-10-20T14:25:29","date_gmt":"2018-10-20T17:25:29","guid":{"rendered":"https:\/\/diarioregionaldigital.com.br\/?p=123361"},"modified":"2018-10-20T14:25:29","modified_gmt":"2018-10-20T17:25:29","slug":"bolsonaro-grava-programa-eleitoral-e-intensifica-campanha-nas-redes","status":"publish","type":"post","link":"https:\/\/diarioregionaldigital.com.br\/?p=123361","title":{"rendered":"Bolsonaro grava programa eleitoral e intensifica campanha nas redes"},"content":{"rendered":"<p>O candidato do PSL \u00e0 Presid\u00eancia da Rep\u00fablica, Jair Bolsonaro, deve sair de casa neste s\u00e1bado, 20, apenas para gravar participa\u00e7\u00e3o no programa do hor\u00e1rio eleitoral. Nos \u00faltimos dias, ele tem permanecido no condom\u00ednio onde mora na Barra da Tijuca, no Rio de Janeiro. Ali, cuja seguran\u00e7a foi refor\u00e7ada entre quinta e sexta-feira.<\/p>\n<p>Por\u00e9m, nas redes sociais, Bolsonaro e os filhos Fl\u00e1vio, senador eleito pelo Rio de Janeiro, e Carlos, rec\u00e9m-eleito por S\u00e3o Paulo para a C\u00e2mara dos Deputados, intensificam a campanha eleitoral. O presidenci\u00e1vel optou falar em educa\u00e7\u00e3o, enquanto os filhos fizeram cr\u00edticas ao PT.<\/p>\n<p>Em um post fixo, o candidato do PSL ressalta que 40% dos universit\u00e1rios s\u00e3o \u201canalfabetos funcionais\u201d. Segundo ele, a alternativa para resolver o problema \u00e9 fortalecer a educa\u00e7\u00e3o de base, sem \u201cdoutrina\u00e7\u00e3o\u201d ou orienta\u00e7\u00e3o para a milit\u00e2ncia.<\/p>\n<p>\u201cNingu\u00e9m quer saber de aluno sendo doutrinado em sala de aula para se tornar militante. Queremos bons profissionais, isso que dar\u00e1 retorno \u00e0 sociedade\u201d, disse.<\/p>\n<h2>Fake News<\/h2>\n<p>Fl\u00e1vio Bolsonaro destacou a decis\u00e3o do Tribunal Superior Eleitoral (TSE), que negou pedido do PT para quebrar os sigilos banc\u00e1rio e fiscal dos supostos envolvidos no esquema suspeito de disseminar not\u00edcias falsas anti-PT via WhatsApp. Mas aceitou abrir a\u00e7\u00e3o para investigar as den\u00fancias.<\/p>\n<p>O senador eleito postou um trecho da decis\u00e3o: \u201clastreada em mat\u00e9rias jornal\u00edsticas, cujos elementos n\u00e3o ostentam aptid\u00e3o para (&#8230;) demonstrar a plausibilidade da tese\u201d.<\/p>\n<p>&nbsp;<\/p>\n<p>Fonte: Ag\u00eancia Brasil<\/p>\n","protected":false},"excerpt":{"rendered":"<p>O candidato do PSL \u00e0 Presid\u00eancia da Rep\u00fablica, Jair Bolsonaro, deve sair de casa neste s\u00e1bado, 20, apenas para gravar participa\u00e7\u00e3o no programa do hor\u00e1rio eleitoral. Nos \u00faltimos dias, ele tem permanecido no condom\u00ednio onde mora na Barra da Tijuca, no Rio de Janeiro. Ali, cuja seguran\u00e7a foi refor\u00e7ada entre quinta e sexta-feira. Por\u00e9m, nas [&hellip;]<\/p>\n","protected":false},"author":96,"featured_media":123362,"comment_status":"closed","ping_status":"closed","sticky":false,"template":"","format":"standard","meta":{"footnotes":""},"categories":[436,254,439],"tags":[],"class_list":["post-123361","post","type-post","status-publish","format-standard","has-post-thumbnail","hentry","category-destaque-da-semana","category-politica","category-ultima-hora"],"_links":{"self":[{"href":"https:\/\/diarioregionaldigital.com.br\/index.php?rest_route=\/wp\/v2\/posts\/123361","targetHints":{"allow":["GET"]}}],"collection":[{"href":"https:\/\/diarioregionaldigital.com.br\/index.php?rest_route=\/wp\/v2\/posts"}],"about":[{"href":"https:\/\/diarioregionaldigital.com.br\/index.php?rest_route=\/wp\/v2\/types\/post"}],"author":[{"embeddable":true,"href":"https:\/\/diarioregionaldigital.com.br\/index.php?rest_route=\/wp\/v2\/users\/96"}],"replies":[{"embeddable":true,"href":"https:\/\/diarioregionaldigital.com.br\/index.php?rest_route=%2Fwp%2Fv2%2Fcomments&post=123361"}],"version-history":[{"count":0,"href":"https:\/\/diarioregionaldigital.com.br\/index.php?rest_route=\/wp\/v2\/posts\/123361\/revisions"}],"wp:featuredmedia":[{"embeddable":true,"href":"https:\/\/diarioregionaldigital.com.br\/index.php?rest_route=\/wp\/v2\/media\/123362"}],"wp:attachment":[{"href":"https:\/\/diarioregionaldigital.com.br\/index.php?rest_route=%2Fwp%2Fv2%2Fmedia&parent=123361"}],"wp:term":[{"taxonomy":"category","embeddable":true,"href":"https:\/\/diarioregionaldigital.com.br\/index.php?rest_route=%2Fwp%2Fv2%2Fcategories&post=123361"},{"taxonomy":"post_tag","embeddable":true,"href":"https:\/\/diarioregionaldigital.com.br\/index.php?rest_route=%2Fwp%2Fv2%2Ftags&post=123361"}],"curies":[{"name":"wp","href":"https:\/\/api.w.org\/{rel}","templated":true}]}}