{"id":123354,"date":"2018-10-20T14:09:12","date_gmt":"2018-10-20T17:09:12","guid":{"rendered":"https:\/\/diarioregionaldigital.com.br\/?p=123354"},"modified":"2018-10-22T09:45:10","modified_gmt":"2018-10-22T11:45:10","slug":"policia-civil-encontra-r14-milhoes-em-malas-nos-carros-que-estavam-com-policiais-de-sp-envolvidos-no-tiroteio-em-juiz-de-fora","status":"publish","type":"post","link":"https:\/\/diarioregionaldigital.com.br\/?p=123354","title":{"rendered":"Pol\u00edcia Civil encontra R$14 milh\u00f5es em malas nos carros que estavam com policiais de SP envolvidos no tiroteio em Juiz de Fora"},"content":{"rendered":"<p>Novas informa\u00e7\u00f5es da investiga\u00e7\u00e3o do confronto entre policiais civil de Juiz de Fora e S\u00e3o Paulo v\u00e3o sendo divulgadas. Ap\u00f3s as buscas, foram encontrados R$14 milh\u00f5es em malas que estavam nos carros que estavam sendo utilizados pelos policiais de S\u00e3o Paulo. Segundo as informa\u00e7\u00f5es, grande parte desse dinheiro era falso.<\/p>\n<p>Segundo as informa\u00e7\u00f5es, al\u00e9m das malas com o dinheiro, tamb\u00e9m foram encontrados e apreendidos pistolas, aparelhos celulares, distintivos de delegado de pol\u00edcia, coletes bal\u00edsticos, alguns pap\u00e9is com anota\u00e7\u00f5es, carregadores de muni\u00e7\u00e3o, alguns objetivos utilizados por policiais e outros cinco ve\u00edculos.<\/p>\n<p>A troca de tiros aconteceu no estacionamento do Centro M\u00e9dico Hospital Monte Sinai, na Avenida Itamar Franco, na altura do Bairro Cascatinha, no fim da tarde dessa sexta-feira, 19, resultando na morte do Policial Civil Rodrigo Francisco, 39 anos. A a\u00e7\u00e3o criminosa deixou um homem, 42 anos e natural de SP, ferido. Ele est\u00e1 na UTI do Monte Sinai, sedado e em estado grave. Ainda de acordo as informa\u00e7\u00f5es, um segundo homem permanece internado na unidade e sob escolta policial. Ainda n\u00e3o h\u00e1 informa\u00e7\u00f5es sobre qual seria o envolvimento dele no caso.<\/p>\n<p>Quatro policiais civil do estado de S\u00e3o Paulo foram detidos logo ap\u00f3s o tiroteio e encaminhados para a Delegacia em Santa Terezinha. Durante rastreamento realizado na noite de ontem, outros quatro agentes civis, considerados foragidos, foram encontrados e tamb\u00e9m levados para a delegacia para prestarem depoimento. De acordo com as informa\u00e7\u00f5es, foram qualificados como autores do crime, cinco investigadores, dois delegados e um carcereiro, que seriam da Pol\u00edcia Civil de S\u00e3o Paulo.<\/p>\n<p>A Pol\u00edcia Civil ainda n\u00e3o divulgou o motivo que trouxe os policiais at\u00e9 Juiz de Fora.\u00a0Dr. Carlos Roberto da Silveira Costa, Chefe do 4\u00ba Departamento, ir\u00e1 fazer um pronunciamento \u00e0s 14h30 deste s\u00e1bado, 20, na Del Regional, em Sta Terezinha, na Sala de Imprensa.<\/p>\n","protected":false},"excerpt":{"rendered":"<p>Novas informa\u00e7\u00f5es da investiga\u00e7\u00e3o do confronto entre policiais civil de Juiz de Fora e S\u00e3o Paulo v\u00e3o sendo divulgadas. Ap\u00f3s as buscas, foram encontrados R$14 milh\u00f5es em malas que estavam nos carros que estavam sendo utilizados pelos policiais de S\u00e3o Paulo. Segundo as informa\u00e7\u00f5es, grande parte desse dinheiro era falso. Segundo as informa\u00e7\u00f5es, al\u00e9m das [&hellip;]<\/p>\n","protected":false},"author":96,"featured_media":123399,"comment_status":"closed","ping_status":"closed","sticky":false,"template":"","format":"standard","meta":{"footnotes":""},"categories":[301,436,440,439],"tags":[],"class_list":["post-123354","post","type-post","status-publish","format-standard","has-post-thumbnail","hentry","category-artigos-policiais","category-destaque-da-semana","category-destaques-do-dia","category-ultima-hora"],"_links":{"self":[{"href":"https:\/\/diarioregionaldigital.com.br\/index.php?rest_route=\/wp\/v2\/posts\/123354","targetHints":{"allow":["GET"]}}],"collection":[{"href":"https:\/\/diarioregionaldigital.com.br\/index.php?rest_route=\/wp\/v2\/posts"}],"about":[{"href":"https:\/\/diarioregionaldigital.com.br\/index.php?rest_route=\/wp\/v2\/types\/post"}],"author":[{"embeddable":true,"href":"https:\/\/diarioregionaldigital.com.br\/index.php?rest_route=\/wp\/v2\/users\/96"}],"replies":[{"embeddable":true,"href":"https:\/\/diarioregionaldigital.com.br\/index.php?rest_route=%2Fwp%2Fv2%2Fcomments&post=123354"}],"version-history":[{"count":0,"href":"https:\/\/diarioregionaldigital.com.br\/index.php?rest_route=\/wp\/v2\/posts\/123354\/revisions"}],"wp:featuredmedia":[{"embeddable":true,"href":"https:\/\/diarioregionaldigital.com.br\/index.php?rest_route=\/wp\/v2\/media\/123399"}],"wp:attachment":[{"href":"https:\/\/diarioregionaldigital.com.br\/index.php?rest_route=%2Fwp%2Fv2%2Fmedia&parent=123354"}],"wp:term":[{"taxonomy":"category","embeddable":true,"href":"https:\/\/diarioregionaldigital.com.br\/index.php?rest_route=%2Fwp%2Fv2%2Fcategories&post=123354"},{"taxonomy":"post_tag","embeddable":true,"href":"https:\/\/diarioregionaldigital.com.br\/index.php?rest_route=%2Fwp%2Fv2%2Ftags&post=123354"}],"curies":[{"name":"wp","href":"https:\/\/api.w.org\/{rel}","templated":true}]}}