{"id":123348,"date":"2018-10-20T09:07:51","date_gmt":"2018-10-20T12:07:51","guid":{"rendered":"https:\/\/diarioregionaldigital.com.br\/?p=123348"},"modified":"2018-10-20T09:07:51","modified_gmt":"2018-10-20T12:07:51","slug":"ufjf-abre-18-vagas-para-professores-efetivos-em-jf-e-gv","status":"publish","type":"post","link":"https:\/\/diarioregionaldigital.com.br\/?p=123348","title":{"rendered":"UFJF abre 18 vagas para professores efetivos em JF e GV"},"content":{"rendered":"<p>A Universidade Federal de Juiz de Fora (UFJF) lan\u00e7ou novos editais para o preenchimento de 18 vagas para professores efetivos do magist\u00e9rio superior em Juiz de Fora e Governador Valadares. As inscri\u00e7\u00f5es para os concursos ser\u00e3o abertas no dia 7 de novembro, \u00e0s 14h, e v\u00e3o at\u00e9 \u00e0s 19h do dia 27 de novembro e devem ser feitas por meio do site\u00a0<a href=\"http:\/\/www.concurso.ufjf.br\/\" target=\"_blank\" rel=\"noopener\">concurso.ufjf.br<\/a>. A remunera\u00e7\u00e3o inicial para os cargos \u00e9 de R$\u00a02.236,31 para o regime de 20 horas semanais e R$ 4.463,93 para 40 horas semanais e dedica\u00e7\u00e3o exclusiva.<\/p>\n<p>Em Juiz de Fora s\u00e3o 13 vagas distribu\u00eddas para os seguinte departamentos: Faculdade de Administra\u00e7\u00e3o e Ci\u00eancias Cont\u00e1beis (1), Faculdade de Direito (1), Faculdade de Economia (1), Faculdade de Engenharia (1), Faculdade de Medicina (2), Faculdade de Odontologia (1), Instituto de Artes e Design (2), Instituto de Ci\u00eancias Biol\u00f3gicas (2) e Instituto de Ci\u00eancias Humanas (2).<\/p>\n<p>No campus de Governador Valadares as cinco vagas s\u00e3o para o Departamento de Direito (1), Instituto de Ci\u00eancias da Vida (1), Departamento de Fisioterapia (1) e Departamento de Medicina (2).<\/p>\n<p>O valor da taxa de inscri\u00e7\u00e3o ser\u00e1 de R$ 150, mas os candidatos podem solicitar isen\u00e7\u00e3o, das 14h do dia 26 de outubro \u00e0s 19h do dia 29 do mesmo m\u00eas, no site\u00a0<a href=\"http:\/\/www.concurso.ufjf.br\/\" target=\"_blank\" rel=\"noopener\">concurso.ufjf.br<\/a>. O resultado do requerimento de inscri\u00e7\u00e3o estar\u00e1 dispon\u00edvel a partir do dia 1\u00ba de novembro.<\/p>\n<p>As datas de instala\u00e7\u00f5es das bancas examinadoras e in\u00edcio das provas variam de acordo com as unidades e departamentos em que est\u00e3o alocadas as vagas. As sele\u00e7\u00f5es consistem em provas escritas, did\u00e1ticas, de t\u00edtulos e apresenta\u00e7\u00e3o de projeto acad\u00eamico. Os detalhes podem ser\u00a0<a href=\"http:\/\/www.ufjf.br\/concurso\/\" target=\"_blank\" rel=\"noopener\">acessados nos editais<\/a>.<\/p>\n<p><b>Dez vagas para professores visitantes<\/b><\/p>\n<p>Tamb\u00e9m est\u00e3o abertas inscri\u00e7\u00f5es para o preenchimento de 10 vagas para professores visitantes. O per\u00edodo de cadastro ser\u00e1 das 14 h do dia 29 de outubro \u00e0s 18h do dia 9 de novembro. O interessado deve acessar o\u00a0<a href=\"http:\/\/www.ufjf.br\/concurso\/selecao-professor-visitante\/\" target=\"_blank\" rel=\"noopener\">site da sele\u00e7\u00e3o<\/a>\u00a0para efetuar sua inscri\u00e7\u00e3o. N\u00e3o ser\u00e1 cobrada taxa para a realiza\u00e7\u00e3o do exame. As vagas est\u00e3o distribu\u00eddas entre os seguintes cursos: Administra\u00e7\u00e3o e Ci\u00eancias Cont\u00e1beis, Direito, Engenharia, Letras, Servi\u00e7o Social, Artes e Design, Ci\u00eancias Biol\u00f3gicas e Ci\u00eancias Exatas.<\/p>\n<p>O professor visitante nacional ou estrangeiro dever\u00e1 atuar na melhoria da qualidade da p\u00f3s-gradua\u00e7\u00e3o, podendo ministrar aulas, orientar alunos, cooperar na elabora\u00e7\u00e3o de projetos de capta\u00e7\u00e3o de recursos nas ag\u00eancias nacionais e internacionais, bem como na produ\u00e7\u00e3o de artigos a serem submetidos a revistas de alto fator de impacto. Dever\u00e1 ser capaz de expandir as atividades de internacionaliza\u00e7\u00e3o, viabilizar o interc\u00e2mbio cient\u00edfico e tecnol\u00f3gico e a participa\u00e7\u00e3o em redes de pesquisa, prioritariamente, internacionais.<\/p>\n<p>Os pr\u00e9-requisitos para o candidato concorrer a uma das vagas \u00e9 possuir t\u00edtulo de doutor, no m\u00ednimo, h\u00e1 5 anos, ser docente ou pesquisador de reconhecida compet\u00eancia em sua \u00e1rea e ter produ\u00e7\u00e3o cient\u00edfica relevante, preferencialmente nos \u00faltimos 5 anos.\u00a0A sele\u00e7\u00e3o se dar\u00e1 por processo seletivo simplificado, constando de prova de t\u00edtulos e an\u00e1lise do plano de trabalho a ser desenvolvido pelo candidato. Os detalhes podem ser\u00a0<a href=\"http:\/\/www.ufjf.br\/concurso\/selecao-de-temporarios\/selecao-professor-visitante\/372018-2\/\" target=\"_blank\" rel=\"noopener\">acessados no edital<\/a>.<\/p>\n<p>Fonte: Assessoria<\/p>\n","protected":false},"excerpt":{"rendered":"<p>A Universidade Federal de Juiz de Fora (UFJF) lan\u00e7ou novos editais para o preenchimento de 18 vagas para professores efetivos do magist\u00e9rio superior em Juiz de Fora e Governador Valadares. As inscri\u00e7\u00f5es para os concursos ser\u00e3o abertas no dia 7 de novembro, \u00e0s 14h, e v\u00e3o at\u00e9 \u00e0s 19h do dia 27 de novembro e [&hellip;]<\/p>\n","protected":false},"author":96,"featured_media":0,"comment_status":"closed","ping_status":"closed","sticky":false,"template":"","format":"standard","meta":{"footnotes":""},"categories":[253,439],"tags":[],"class_list":["post-123348","post","type-post","status-publish","format-standard","hentry","category-cidade","category-ultima-hora"],"_links":{"self":[{"href":"https:\/\/diarioregionaldigital.com.br\/index.php?rest_route=\/wp\/v2\/posts\/123348","targetHints":{"allow":["GET"]}}],"collection":[{"href":"https:\/\/diarioregionaldigital.com.br\/index.php?rest_route=\/wp\/v2\/posts"}],"about":[{"href":"https:\/\/diarioregionaldigital.com.br\/index.php?rest_route=\/wp\/v2\/types\/post"}],"author":[{"embeddable":true,"href":"https:\/\/diarioregionaldigital.com.br\/index.php?rest_route=\/wp\/v2\/users\/96"}],"replies":[{"embeddable":true,"href":"https:\/\/diarioregionaldigital.com.br\/index.php?rest_route=%2Fwp%2Fv2%2Fcomments&post=123348"}],"version-history":[{"count":0,"href":"https:\/\/diarioregionaldigital.com.br\/index.php?rest_route=\/wp\/v2\/posts\/123348\/revisions"}],"wp:attachment":[{"href":"https:\/\/diarioregionaldigital.com.br\/index.php?rest_route=%2Fwp%2Fv2%2Fmedia&parent=123348"}],"wp:term":[{"taxonomy":"category","embeddable":true,"href":"https:\/\/diarioregionaldigital.com.br\/index.php?rest_route=%2Fwp%2Fv2%2Fcategories&post=123348"},{"taxonomy":"post_tag","embeddable":true,"href":"https:\/\/diarioregionaldigital.com.br\/index.php?rest_route=%2Fwp%2Fv2%2Ftags&post=123348"}],"curies":[{"name":"wp","href":"https:\/\/api.w.org\/{rel}","templated":true}]}}