{"id":123344,"date":"2018-10-20T08:59:16","date_gmt":"2018-10-20T11:59:16","guid":{"rendered":"https:\/\/diarioregionaldigital.com.br\/?p=123344"},"modified":"2018-10-20T08:59:38","modified_gmt":"2018-10-20T11:59:38","slug":"settra-altera-transito-para-6a-corrida-solidaria-e-procissao-pela-paz","status":"publish","type":"post","link":"https:\/\/diarioregionaldigital.com.br\/?p=123344","title":{"rendered":"Settra altera tr\u00e2nsito para \u201c6\u00aa Corrida Solid\u00e1ria\u201d e \u201cProciss\u00e3o Pela Paz\u201d"},"content":{"rendered":"<p>A Secretaria de Transporte e Tr\u00e2nsito (Settra) da Prefeitura de Juiz de Fora (PJF) alterar\u00e1 neste domingo, 21, o tr\u00e2nsito no campus da Universidade Federal de Juiz de Fora (UFJF), para a \u201c6\u00aa Corrida Solid\u00e1ria da Ascomcer\u201d (Associa\u00e7\u00e3o Feminina de Preven\u00e7\u00e3o e Combate ao C\u00e2ncer em Juiz de Fora). Essa interdi\u00e7\u00e3o come\u00e7ar\u00e1 \u00e0s 7h45 e ir\u00e1 at\u00e9 10h30. A largada da corrida ser\u00e1 \u00e0s 8 horas, com percurso no circuito do campus. Devido as modifica\u00e7\u00f5es, algumas linhas do transporte coletivo que passam pelo local ser\u00e3o alteradas.<\/p>\n<p>\u00c0s 17 horas deste domingo haver\u00e1 interdi\u00e7\u00e3o parcial para a realiza\u00e7\u00e3o da \u201cProciss\u00e3o Pela Paz\u201d, no Morro da Gl\u00f3ria. O cortejo religioso ter\u00e1 in\u00edcio na Igreja de Nossa Senhora da Gl\u00f3ria, na Avenida dos Andradas, seguindo pela Rua Mariano Proc\u00f3pio at\u00e9 a Senador Feliciano, 187, onde fica a Associa\u00e7\u00e3o Social Nossa Senhora da Gl\u00f3ria, onde ser\u00e1 encerrado.<\/p>\n","protected":false},"excerpt":{"rendered":"<p>A Secretaria de Transporte e Tr\u00e2nsito (Settra) da Prefeitura de Juiz de Fora (PJF) alterar\u00e1 neste domingo, 21, o tr\u00e2nsito no campus da Universidade Federal de Juiz de Fora (UFJF), para a \u201c6\u00aa Corrida Solid\u00e1ria da Ascomcer\u201d (Associa\u00e7\u00e3o Feminina de Preven\u00e7\u00e3o e Combate ao C\u00e2ncer em Juiz de Fora). Essa interdi\u00e7\u00e3o come\u00e7ar\u00e1 \u00e0s 7h45 e [&hellip;]<\/p>\n","protected":false},"author":96,"featured_media":0,"comment_status":"closed","ping_status":"closed","sticky":false,"template":"","format":"standard","meta":{"footnotes":""},"categories":[253,439],"tags":[],"class_list":["post-123344","post","type-post","status-publish","format-standard","hentry","category-cidade","category-ultima-hora"],"_links":{"self":[{"href":"https:\/\/diarioregionaldigital.com.br\/index.php?rest_route=\/wp\/v2\/posts\/123344","targetHints":{"allow":["GET"]}}],"collection":[{"href":"https:\/\/diarioregionaldigital.com.br\/index.php?rest_route=\/wp\/v2\/posts"}],"about":[{"href":"https:\/\/diarioregionaldigital.com.br\/index.php?rest_route=\/wp\/v2\/types\/post"}],"author":[{"embeddable":true,"href":"https:\/\/diarioregionaldigital.com.br\/index.php?rest_route=\/wp\/v2\/users\/96"}],"replies":[{"embeddable":true,"href":"https:\/\/diarioregionaldigital.com.br\/index.php?rest_route=%2Fwp%2Fv2%2Fcomments&post=123344"}],"version-history":[{"count":0,"href":"https:\/\/diarioregionaldigital.com.br\/index.php?rest_route=\/wp\/v2\/posts\/123344\/revisions"}],"wp:attachment":[{"href":"https:\/\/diarioregionaldigital.com.br\/index.php?rest_route=%2Fwp%2Fv2%2Fmedia&parent=123344"}],"wp:term":[{"taxonomy":"category","embeddable":true,"href":"https:\/\/diarioregionaldigital.com.br\/index.php?rest_route=%2Fwp%2Fv2%2Fcategories&post=123344"},{"taxonomy":"post_tag","embeddable":true,"href":"https:\/\/diarioregionaldigital.com.br\/index.php?rest_route=%2Fwp%2Fv2%2Ftags&post=123344"}],"curies":[{"name":"wp","href":"https:\/\/api.w.org\/{rel}","templated":true}]}}