{"id":123341,"date":"2018-10-20T08:55:01","date_gmt":"2018-10-20T11:55:01","guid":{"rendered":"https:\/\/diarioregionaldigital.com.br\/?p=123341"},"modified":"2018-10-20T08:55:01","modified_gmt":"2018-10-20T11:55:01","slug":"projeto-literatudo-promove-encontro-cultural-entre-escolas-municipais","status":"publish","type":"post","link":"https:\/\/diarioregionaldigital.com.br\/?p=123341","title":{"rendered":"Projeto \u201cLiteratudo\u201d promove encontro cultural entre escolas municipais"},"content":{"rendered":"<p>Os alunos da Escola Municipal Carlos Augusto de Assis fizeram, nesta quinta-feira, 18, uma visita \u00e0 Escola Municipal Jo\u00e3o Evangelista de Assis, para mostrar seus trabalhos art\u00edsticos. As crian\u00e7as visitantes fizeram apresenta\u00e7\u00f5es de teatro e conta\u00e7\u00e3o de hist\u00f3rias e, segundo a vice-diretora, Arlene Ribeiro, foram recebidos com muita empolga\u00e7\u00e3o e alegria.<\/p>\n<p>O evento contou com a participa\u00e7\u00e3o de cerca de 70 alunos, que apresentaram suas hist\u00f3rias preferidas trabalhadas na Sala de Leitura, como \u201cA Peruca M\u00e1gica\u201d, \u201cO Lobo n\u00e3o Morde\u201d, \u201cA Caixa M\u00e1gica\u201d e \u201cO Dente Ainda Do\u00eda\u201d.<\/p>\n<p>A visita fez parte do projeto \u201cLiteratudo\u201d, desenvolvido pela Secretaria de Educa\u00e7\u00e3o (SE) da Prefeitura de Juiz de Fora (PJF), que incentiva o interc\u00e2mbio cultural entre as escolas, atrav\u00e9s da leitura em todas suas formas: textos, m\u00fasica, teatro e dan\u00e7a, entre outros. Arlene considera que esse tipo de evento \u201caproxima a comunidade escolar e permite aos alunos vivenciar e produzir diferentes formas de cultura e arte\u201d.<\/p>\n<p>Fonte: Assessoria<\/p>\n","protected":false},"excerpt":{"rendered":"<p>Os alunos da Escola Municipal Carlos Augusto de Assis fizeram, nesta quinta-feira, 18, uma visita \u00e0 Escola Municipal Jo\u00e3o Evangelista de Assis, para mostrar seus trabalhos art\u00edsticos. As crian\u00e7as visitantes fizeram apresenta\u00e7\u00f5es de teatro e conta\u00e7\u00e3o de hist\u00f3rias e, segundo a vice-diretora, Arlene Ribeiro, foram recebidos com muita empolga\u00e7\u00e3o e alegria. O evento contou com [&hellip;]<\/p>\n","protected":false},"author":96,"featured_media":0,"comment_status":"closed","ping_status":"closed","sticky":false,"template":"","format":"standard","meta":{"footnotes":""},"categories":[256,439],"tags":[],"class_list":["post-123341","post","type-post","status-publish","format-standard","hentry","category-cultura","category-ultima-hora"],"_links":{"self":[{"href":"https:\/\/diarioregionaldigital.com.br\/index.php?rest_route=\/wp\/v2\/posts\/123341","targetHints":{"allow":["GET"]}}],"collection":[{"href":"https:\/\/diarioregionaldigital.com.br\/index.php?rest_route=\/wp\/v2\/posts"}],"about":[{"href":"https:\/\/diarioregionaldigital.com.br\/index.php?rest_route=\/wp\/v2\/types\/post"}],"author":[{"embeddable":true,"href":"https:\/\/diarioregionaldigital.com.br\/index.php?rest_route=\/wp\/v2\/users\/96"}],"replies":[{"embeddable":true,"href":"https:\/\/diarioregionaldigital.com.br\/index.php?rest_route=%2Fwp%2Fv2%2Fcomments&post=123341"}],"version-history":[{"count":0,"href":"https:\/\/diarioregionaldigital.com.br\/index.php?rest_route=\/wp\/v2\/posts\/123341\/revisions"}],"wp:attachment":[{"href":"https:\/\/diarioregionaldigital.com.br\/index.php?rest_route=%2Fwp%2Fv2%2Fmedia&parent=123341"}],"wp:term":[{"taxonomy":"category","embeddable":true,"href":"https:\/\/diarioregionaldigital.com.br\/index.php?rest_route=%2Fwp%2Fv2%2Fcategories&post=123341"},{"taxonomy":"post_tag","embeddable":true,"href":"https:\/\/diarioregionaldigital.com.br\/index.php?rest_route=%2Fwp%2Fv2%2Ftags&post=123341"}],"curies":[{"name":"wp","href":"https:\/\/api.w.org\/{rel}","templated":true}]}}