{"id":123338,"date":"2018-10-20T08:51:09","date_gmt":"2018-10-20T11:51:09","guid":{"rendered":"https:\/\/diarioregionaldigital.com.br\/?p=123338"},"modified":"2018-10-20T08:51:09","modified_gmt":"2018-10-20T11:51:09","slug":"carro-roda-para-fora-da-pista-e-atinge-2-ciclistas-na-br-356","status":"publish","type":"post","link":"https:\/\/diarioregionaldigital.com.br\/?p=123338","title":{"rendered":"Carro roda para fora da pista e atinge 2 ciclistas na BR-356"},"content":{"rendered":"<p>Dois ciclistas ficaram feridos ao serem atingidos por um autom\u00f3vel GM Celta que saiu da pista na BR-356, na sa\u00edda de Muria\u00e9 sentido a Itaperuna-RJ, na noite dessa sexta-feira, 19. O acidente aconteceu pr\u00f3ximo \u00e0 entrada para uma pedreira e as vitimas foram socorridas pelo Corpo de Bombeiros e Samu, sendo levados ao Hospital S\u00e3o Paulo (HSP).<\/p>\n<p>Os ciclistas seriam pescadores, e em entrevista \u00e0 R\u00e1dio Muria\u00e9, o bombeiro, sargento Saulo, relatou que um deles apresentava suspeita de trauma leve na cabe\u00e7a, al\u00e9m de escoria\u00e7\u00f5es, e o outro sofreu les\u00e3o no ombro esquerdo, com prov\u00e1vel fratura.<\/p>\n<p>Ainda segundo o sargento, o condutor do Celta n\u00e3o apresentava ferimentos, mas estava um pouco desorientado. Conforme o bombeiros, o homem afirmou que seguia sentido a Eugen\u00f3polis e que o carro rodou na pista ap\u00f3s ele perder o controle da dire\u00e7\u00e3o ao sofrer uma ultrapassagem.<\/p>\n<p>O autom\u00f3vel teve danos na parte frontal e perdeu o p\u00e1ra-choque traseiro, e a Pol\u00edcia Rodovi\u00e1ria Federal (PRF) assumiu o registro da ocorr\u00eancia.<\/p>\n<p>Fonte: R\u00e1dio Muria\u00e9<\/p>\n","protected":false},"excerpt":{"rendered":"<p>Dois ciclistas ficaram feridos ao serem atingidos por um autom\u00f3vel GM Celta que saiu da pista na BR-356, na sa\u00edda de Muria\u00e9 sentido a Itaperuna-RJ, na noite dessa sexta-feira, 19. O acidente aconteceu pr\u00f3ximo \u00e0 entrada para uma pedreira e as vitimas foram socorridas pelo Corpo de Bombeiros e Samu, sendo levados ao Hospital S\u00e3o [&hellip;]<\/p>\n","protected":false},"author":96,"featured_media":0,"comment_status":"closed","ping_status":"closed","sticky":false,"template":"","format":"standard","meta":{"footnotes":""},"categories":[252,439],"tags":[],"class_list":["post-123338","post","type-post","status-publish","format-standard","hentry","category-regiao","category-ultima-hora"],"_links":{"self":[{"href":"https:\/\/diarioregionaldigital.com.br\/index.php?rest_route=\/wp\/v2\/posts\/123338","targetHints":{"allow":["GET"]}}],"collection":[{"href":"https:\/\/diarioregionaldigital.com.br\/index.php?rest_route=\/wp\/v2\/posts"}],"about":[{"href":"https:\/\/diarioregionaldigital.com.br\/index.php?rest_route=\/wp\/v2\/types\/post"}],"author":[{"embeddable":true,"href":"https:\/\/diarioregionaldigital.com.br\/index.php?rest_route=\/wp\/v2\/users\/96"}],"replies":[{"embeddable":true,"href":"https:\/\/diarioregionaldigital.com.br\/index.php?rest_route=%2Fwp%2Fv2%2Fcomments&post=123338"}],"version-history":[{"count":0,"href":"https:\/\/diarioregionaldigital.com.br\/index.php?rest_route=\/wp\/v2\/posts\/123338\/revisions"}],"wp:attachment":[{"href":"https:\/\/diarioregionaldigital.com.br\/index.php?rest_route=%2Fwp%2Fv2%2Fmedia&parent=123338"}],"wp:term":[{"taxonomy":"category","embeddable":true,"href":"https:\/\/diarioregionaldigital.com.br\/index.php?rest_route=%2Fwp%2Fv2%2Fcategories&post=123338"},{"taxonomy":"post_tag","embeddable":true,"href":"https:\/\/diarioregionaldigital.com.br\/index.php?rest_route=%2Fwp%2Fv2%2Ftags&post=123338"}],"curies":[{"name":"wp","href":"https:\/\/api.w.org\/{rel}","templated":true}]}}