{"id":123335,"date":"2018-10-20T08:47:48","date_gmt":"2018-10-20T11:47:48","guid":{"rendered":"https:\/\/diarioregionaldigital.com.br\/?p=123335"},"modified":"2018-10-20T08:47:48","modified_gmt":"2018-10-20T11:47:48","slug":"tse-abre-acao-para-investigar-suspeita-contra-campanha-de-bolsonaro","status":"publish","type":"post","link":"https:\/\/diarioregionaldigital.com.br\/?p=123335","title":{"rendered":"TSE abre a\u00e7\u00e3o para investigar suspeita contra campanha de Bolsonaro"},"content":{"rendered":"<p>O ministro do Tribunal Superior Eleitoral (TSE) Jorge Mussi abriu nessa sexta-feira, 19, a\u00e7\u00e3o para investigar suspeitas\u00a0de uso de sistemas de envio de mensagens em massa na plataforma WhatsApp custeados por empresas de apoiadores do candidato \u00e0 Presid\u00eancia Jair Bolsonaro (PSL). O pedido foi feito\u00a0pela campanha do candidato\u00a0Fernando Haddad (PT).<\/p>\n<p>Mussi rejeitou, no entanto,\u00a0pedido de dilig\u00eancias como\u00a0quebra de sigilo banc\u00e1rio, telef\u00f4nico e de pris\u00e3o dos supostos envolvidos, por entender que as justificativas est\u00e3o baseadas em not\u00edcias de jornal e n\u00e3o podem ser decididas liminarmente.<\/p>\n<p>Na quinta-feira, 18, o jornal\u00a0<em>Folha de S. Paulo<\/em>\u00a0publicou reportagem segundo a qual empresas de\u00a0<em>marketing<\/em>\u00a0digital custeadas por empres\u00e1rios estariam disseminando conte\u00fado em milhares de grupos do aplicativo.<\/p>\n<p>&#8220;Observo que toda a argumenta\u00e7\u00e3o desenvolvida pela autora est\u00e1 lastreada em mat\u00e9rias jornal\u00edsticas, cujos elementos n\u00e3o ostentam aptid\u00e3o para, em princ\u00edpio, nesta fase processual de cogni\u00e7\u00e3o sum\u00e1ria, demonstrar a plausibilidade da tese em que se fundam os pedidos e o perigo de se dar o eventual provimento em momento pr\u00f3prio, no exame aprofundado que a regular instru\u00e7\u00e3o assegurar\u00e1&#8221;, decidiu o ministro.<\/p>\n<p>Entre as dilig\u00eancias negadas est\u00e3o a realiza\u00e7\u00e3o de busca e apreens\u00e3o de documentos na sede da rede varejista Havan e na casa do dono da empresa e apoiador de Bolsonaro, Luciano Hang, al\u00e9m de determina\u00e7\u00e3o da pris\u00e3o dele, caso fosse rejeitado acesso \u00e0 documenta\u00e7\u00e3o. O PT tamb\u00e9m queria que fosse determinado ao WhatsApp que apresentasse, em 24 horas, um plano contra o disparo de mensagens ofensivas em massa contra Haddad.<\/p>\n<p>Apesar de negar as dilig\u00eancias, Jorge Mussi\u00a0concedeu prazo para que a campanha de Bolsonaro possa apresentar defesa pr\u00e9via. Com a decis\u00e3o, os fatos ser\u00e3o investigados no decorrer normal do processo eleitoral no TSE.<\/p>\n<p><em>Fonte: Ag\u00eancia Brasil<\/em><\/p>\n","protected":false},"excerpt":{"rendered":"<p>O ministro do Tribunal Superior Eleitoral (TSE) Jorge Mussi abriu nessa sexta-feira, 19, a\u00e7\u00e3o para investigar suspeitas\u00a0de uso de sistemas de envio de mensagens em massa na plataforma WhatsApp custeados por empresas de apoiadores do candidato \u00e0 Presid\u00eancia Jair Bolsonaro (PSL). O pedido foi feito\u00a0pela campanha do candidato\u00a0Fernando Haddad (PT). Mussi rejeitou, no entanto,\u00a0pedido de [&hellip;]<\/p>\n","protected":false},"author":96,"featured_media":0,"comment_status":"closed","ping_status":"closed","sticky":false,"template":"","format":"standard","meta":{"footnotes":""},"categories":[254,439],"tags":[],"class_list":["post-123335","post","type-post","status-publish","format-standard","hentry","category-politica","category-ultima-hora"],"_links":{"self":[{"href":"https:\/\/diarioregionaldigital.com.br\/index.php?rest_route=\/wp\/v2\/posts\/123335","targetHints":{"allow":["GET"]}}],"collection":[{"href":"https:\/\/diarioregionaldigital.com.br\/index.php?rest_route=\/wp\/v2\/posts"}],"about":[{"href":"https:\/\/diarioregionaldigital.com.br\/index.php?rest_route=\/wp\/v2\/types\/post"}],"author":[{"embeddable":true,"href":"https:\/\/diarioregionaldigital.com.br\/index.php?rest_route=\/wp\/v2\/users\/96"}],"replies":[{"embeddable":true,"href":"https:\/\/diarioregionaldigital.com.br\/index.php?rest_route=%2Fwp%2Fv2%2Fcomments&post=123335"}],"version-history":[{"count":0,"href":"https:\/\/diarioregionaldigital.com.br\/index.php?rest_route=\/wp\/v2\/posts\/123335\/revisions"}],"wp:attachment":[{"href":"https:\/\/diarioregionaldigital.com.br\/index.php?rest_route=%2Fwp%2Fv2%2Fmedia&parent=123335"}],"wp:term":[{"taxonomy":"category","embeddable":true,"href":"https:\/\/diarioregionaldigital.com.br\/index.php?rest_route=%2Fwp%2Fv2%2Fcategories&post=123335"},{"taxonomy":"post_tag","embeddable":true,"href":"https:\/\/diarioregionaldigital.com.br\/index.php?rest_route=%2Fwp%2Fv2%2Ftags&post=123335"}],"curies":[{"name":"wp","href":"https:\/\/api.w.org\/{rel}","templated":true}]}}