{"id":123323,"date":"2018-10-20T08:00:53","date_gmt":"2018-10-20T11:00:53","guid":{"rendered":"https:\/\/diarioregionaldigital.com.br\/?p=123323"},"modified":"2018-10-20T08:32:02","modified_gmt":"2018-10-20T11:32:02","slug":"mulheres-celebram-vitoria-contra-o-cancer-de-mama","status":"publish","type":"post","link":"https:\/\/diarioregionaldigital.com.br\/?p=123323","title":{"rendered":"Mulheres celebram vit\u00f3ria contra o c\u00e2ncer de mama"},"content":{"rendered":"<p>O projeto de extens\u00e3o \u201cDe peito aberto\u201d da Universidade Federal de Juiz de Fora (UFJF) realizou nesta sexta-feira, 19, o \u201cRosas de Outubro\u201d \u2013 evento que promoveu, durante a tarde, diversas atividades voltadas para a reflex\u00e3o sobre o c\u00e2ncer de mama e a sa\u00fade feminina. Al\u00e9m da mesa redonda \u201cImagem corporal e sa\u00fade mental feminina\u201d, tamb\u00e9m tiveram estandes de bem-estar, exposi\u00e7\u00e3o fotogr\u00e1fica e desfile para celebrar a vit\u00f3ria contra a doen\u00e7a e valorizar a auto-estima das mulheres.<\/p>\n<p>O objetivo do \u201cRosas de Outubro\u201d \u00e9 incentivar a valoriza\u00e7\u00e3o da vida, ressaltando a gra\u00e7a e a beleza. A coordenadora do projeto e professora do curso de Enfermagem, Jaqueline Ferreira Ventura Bittencourt, considera que o momento mais significativo \u00e9 quando as mulheres s\u00e3o convidadas a desfilar, se sentem como estrelas e podem falar sobre elas mesmas para o p\u00fablico.<\/p>\n<p>M\u00e1rcia Nunes, que venceu o c\u00e2ncer de mama e participou do desfile, lembra que precisou retirar a mama, o que foi doloroso tanto f\u00edsica quanto psicologicamente. \u201cDemorei um tempo para voltar a me tocar, porque me parecia um corpo estranho e at\u00e9 hoje evito olhar. Perdi uma parte de mim, umas das que eu mais amava, mas estou viva e continuo bonita.\u201d M\u00e1rcia destaca que fica feliz em participar do \u201cRosas de Outubro\u201d e conta que o evento \u00e9 um momento para celebrar a vit\u00f3ria diante da doen\u00e7a.<\/p>\n<p>A pr\u00f3-reitora de extens\u00e3o, Ana L\u00edvia Coimbra, ressaltou ser gratificante para a institui\u00e7\u00e3o participar da organiza\u00e7\u00e3o de um evento que valoriza a resist\u00eancia feminina e estabelece di\u00e1logo com a comunidade para ampliar o conhecimento. \u201cEsta tarde \u00e9 um marco para dizer que a UFJF estar\u00e1 sempre presente onde a luta for pela vida e pelo respeitos \u00e0s diferen\u00e7as\u201d, garante Ana L\u00edvia.<\/p>\n<h3><b>Sa\u00fade mental e imagem corporal<\/b><\/h3>\n<p>A mesa redonda abordou a sa\u00fade mental da mulher e a imagem corporal, buscando tratar o assunto de forma ampla pelo vi\u00e9s interdisciplinar entre as \u00e1reas de Educa\u00e7\u00e3o F\u00edsica, Enfermagem, Odontologia e Nutri\u00e7\u00e3o. Compuseram a mesa a professora de Educa\u00e7\u00e3o F\u00edsica, Maria Elisa Caputo; a docente de Enfermagem, Maria In\u00eas Gomes de Almeida; o professor de Odontologia, Marcos Vinicius Queiroz de Paula; e a nutricionista Anelisa Rezende.<\/p>\n<div id=\"attachment_41654\" class=\"wp-caption aligncenter\">\n<p class=\"wp-caption-text\">Maria Elisa, da Educa\u00e7\u00e3o F\u00edsica, explicou que o conceito de imagem corporal \u00e9 a maneira como as pessoas enxergam o pr\u00f3prio corpo e lembrou que a constru\u00e7\u00e3o desta imagem \u00e9 influenciada principalmente pela compara\u00e7\u00e3o e pela internaliza\u00e7\u00e3o da magreza e da muscularidade. A professora destacou a import\u00e2ncia de se reformular o padr\u00e3o de beleza, muitas vezes imposs\u00edvel de ser atingido. \u201c\u00c9 importante reformular os ideias corporais, n\u00e3o s\u00f3 para quem tem c\u00e2ncer de mama, mas tamb\u00e9m para que todas as pessoas aceitem seus corpos\u201d, disse.<\/p>\n<\/div>\n<p>A professora da Faculdade de Enfermagem, Maria In\u00eas Gomes de Almeida, acredita que a Enfermagem atua diretamente no acolhimento e na humaniza\u00e7\u00e3o das pacientes acometidas por c\u00e2ncer. \u201cA mulher n\u00e3o \u00e9 s\u00f3 peito. Ela tem a vida dela e pode compartilhar momentos e viver bem, sabendo que os c\u00e2nceres de mama e de colo de \u00fatero, quando descobertos no in\u00edcio, t\u00eam tratamento e cura.\u201d<\/p>\n<p><em>Fonte: Assessoria<\/em><\/p>\n","protected":false},"excerpt":{"rendered":"<p>O projeto de extens\u00e3o \u201cDe peito aberto\u201d da Universidade Federal de Juiz de Fora (UFJF) realizou nesta sexta-feira, 19, o \u201cRosas de Outubro\u201d \u2013 evento que promoveu, durante a tarde, diversas atividades voltadas para a reflex\u00e3o sobre o c\u00e2ncer de mama e a sa\u00fade feminina. Al\u00e9m da mesa redonda \u201cImagem corporal e sa\u00fade mental feminina\u201d, [&hellip;]<\/p>\n","protected":false},"author":96,"featured_media":0,"comment_status":"closed","ping_status":"closed","sticky":false,"template":"","format":"standard","meta":{"footnotes":""},"categories":[253,436,440,439],"tags":[],"class_list":["post-123323","post","type-post","status-publish","format-standard","hentry","category-cidade","category-destaque-da-semana","category-destaques-do-dia","category-ultima-hora"],"_links":{"self":[{"href":"https:\/\/diarioregionaldigital.com.br\/index.php?rest_route=\/wp\/v2\/posts\/123323","targetHints":{"allow":["GET"]}}],"collection":[{"href":"https:\/\/diarioregionaldigital.com.br\/index.php?rest_route=\/wp\/v2\/posts"}],"about":[{"href":"https:\/\/diarioregionaldigital.com.br\/index.php?rest_route=\/wp\/v2\/types\/post"}],"author":[{"embeddable":true,"href":"https:\/\/diarioregionaldigital.com.br\/index.php?rest_route=\/wp\/v2\/users\/96"}],"replies":[{"embeddable":true,"href":"https:\/\/diarioregionaldigital.com.br\/index.php?rest_route=%2Fwp%2Fv2%2Fcomments&post=123323"}],"version-history":[{"count":0,"href":"https:\/\/diarioregionaldigital.com.br\/index.php?rest_route=\/wp\/v2\/posts\/123323\/revisions"}],"wp:attachment":[{"href":"https:\/\/diarioregionaldigital.com.br\/index.php?rest_route=%2Fwp%2Fv2%2Fmedia&parent=123323"}],"wp:term":[{"taxonomy":"category","embeddable":true,"href":"https:\/\/diarioregionaldigital.com.br\/index.php?rest_route=%2Fwp%2Fv2%2Fcategories&post=123323"},{"taxonomy":"post_tag","embeddable":true,"href":"https:\/\/diarioregionaldigital.com.br\/index.php?rest_route=%2Fwp%2Fv2%2Ftags&post=123323"}],"curies":[{"name":"wp","href":"https:\/\/api.w.org\/{rel}","templated":true}]}}