{"id":123319,"date":"2018-10-20T09:29:13","date_gmt":"2018-10-20T12:29:13","guid":{"rendered":"https:\/\/diarioregionaldigital.com.br\/?p=123319"},"modified":"2018-10-20T09:31:29","modified_gmt":"2018-10-20T12:31:29","slug":"assaltantes-invadem-deposito-de-reciclagem-e-roubam-carro-em-jf","status":"publish","type":"post","link":"https:\/\/diarioregionaldigital.com.br\/?p=123319","title":{"rendered":"Assaltantes invadem dep\u00f3sito de reciclagem e roubam carro em JF"},"content":{"rendered":"<p>Um roubo de carro foi registrado em Juiz de Fora nessa sexta-feira, 19, no bairro Monte Castelo, zona Norte. A v\u00edtima, um homem de 54 anos, \u00e9 propriet\u00e1rio de um dep\u00f3sito de reciclagem na Rua Eunice Weaver, local onde o ve\u00edculo estava estacionado.<\/p>\n<p>Segundo relato dele aos policiais militares, os assaltantes teriam arrombado o cadeado do port\u00e3o da casa vizinha ao dep\u00f3sito, entraram na residencia e, com o aux\u00edlio de uma escada e uma corda, escalaram um muro para ter acesso ao estabelecimento.<\/p>\n<p>Al\u00e9m do carro, os assaltantes tamb\u00e9m roubaram uma mala com diversos tipos de ferramentas\u00a0e um botij\u00e3o de g\u00e1s da casa arrombada.<\/p>\n<p>As v\u00edtimas n\u00e3o apresentaram suspeitos e, at\u00e9 o momento, ningu\u00e9m foi preso.<\/p>\n<p>&nbsp;<\/p>\n","protected":false},"excerpt":{"rendered":"<p>Um roubo de carro foi registrado em Juiz de Fora nessa sexta-feira, 19, no bairro Monte Castelo, zona Norte. A v\u00edtima, um homem de 54 anos, \u00e9 propriet\u00e1rio de um dep\u00f3sito de reciclagem na Rua Eunice Weaver, local onde o ve\u00edculo estava estacionado. Segundo relato dele aos policiais militares, os assaltantes teriam arrombado o cadeado [&hellip;]<\/p>\n","protected":false},"author":96,"featured_media":95836,"comment_status":"closed","ping_status":"closed","sticky":false,"template":"","format":"standard","meta":{"footnotes":""},"categories":[301],"tags":[],"class_list":["post-123319","post","type-post","status-publish","format-standard","has-post-thumbnail","hentry","category-artigos-policiais"],"_links":{"self":[{"href":"https:\/\/diarioregionaldigital.com.br\/index.php?rest_route=\/wp\/v2\/posts\/123319","targetHints":{"allow":["GET"]}}],"collection":[{"href":"https:\/\/diarioregionaldigital.com.br\/index.php?rest_route=\/wp\/v2\/posts"}],"about":[{"href":"https:\/\/diarioregionaldigital.com.br\/index.php?rest_route=\/wp\/v2\/types\/post"}],"author":[{"embeddable":true,"href":"https:\/\/diarioregionaldigital.com.br\/index.php?rest_route=\/wp\/v2\/users\/96"}],"replies":[{"embeddable":true,"href":"https:\/\/diarioregionaldigital.com.br\/index.php?rest_route=%2Fwp%2Fv2%2Fcomments&post=123319"}],"version-history":[{"count":0,"href":"https:\/\/diarioregionaldigital.com.br\/index.php?rest_route=\/wp\/v2\/posts\/123319\/revisions"}],"wp:featuredmedia":[{"embeddable":true,"href":"https:\/\/diarioregionaldigital.com.br\/index.php?rest_route=\/wp\/v2\/media\/95836"}],"wp:attachment":[{"href":"https:\/\/diarioregionaldigital.com.br\/index.php?rest_route=%2Fwp%2Fv2%2Fmedia&parent=123319"}],"wp:term":[{"taxonomy":"category","embeddable":true,"href":"https:\/\/diarioregionaldigital.com.br\/index.php?rest_route=%2Fwp%2Fv2%2Fcategories&post=123319"},{"taxonomy":"post_tag","embeddable":true,"href":"https:\/\/diarioregionaldigital.com.br\/index.php?rest_route=%2Fwp%2Fv2%2Ftags&post=123319"}],"curies":[{"name":"wp","href":"https:\/\/api.w.org\/{rel}","templated":true}]}}