{"id":123318,"date":"2018-10-20T09:14:50","date_gmt":"2018-10-20T12:14:50","guid":{"rendered":"https:\/\/diarioregionaldigital.com.br\/?p=123318"},"modified":"2018-10-20T09:14:50","modified_gmt":"2018-10-20T12:14:50","slug":"juiz-de-fora-registra-dois-assaltos-nessa-sexta-feira","status":"publish","type":"post","link":"https:\/\/diarioregionaldigital.com.br\/?p=123318","title":{"rendered":"Juiz de Fora registra dois assaltos nessa sexta-feira"},"content":{"rendered":"<p>Duas pessoas foram assaltadas em duas regi\u00f5es de Juiz de Fora nessa sexta-feira, 19. Um dos casos aconteceu as 1h, em um posto de combust\u00edvel da Rua Am\u00e9rico Lob, no bairro Manoel Hon\u00f3rio, zona Leste da cidade. Um homem, de 55 anos, foi abordado por um indiv\u00edduo armado com um rev\u00f3lver que anunciou o assaltou e roubou R$200 do caixa do estabelecimento. De acordo com a v\u00edtima, o assaltante era negro e, no momento do crime, usava um capacete preto e uma bermuda. Ap\u00f3s o roubo, o autor fugiu e n\u00e3o foi encontrado pela Pol\u00edcia Militar.<\/p>\n<p>O outro assalto foi registrado no bairro Santa Cruz, na regi\u00e3o Norte. Um homem, de 59 anos, abria sua quitanda na Rua Justino Gomes Monteiro, as 6h, quando foi supreendido por tres indiv\u00edduos encapuzados, um deles armado. Os assaltantes conduziram o propriet\u00e1rio do estabelecimento at\u00e9 os fundos da loja e o amea\u00e7aram de morte. Al\u00e9m disso, os homens roubaram R$580 que estavam no bolso da cal\u00e7a da v\u00edtima. Em seguida, os autores fugiram e n\u00e3o foram localizados no rastreamento feito pela PM.<\/p>\n","protected":false},"excerpt":{"rendered":"<p>Duas pessoas foram assaltadas em duas regi\u00f5es de Juiz de Fora nessa sexta-feira, 19. Um dos casos aconteceu as 1h, em um posto de combust\u00edvel da Rua Am\u00e9rico Lob, no bairro Manoel Hon\u00f3rio, zona Leste da cidade. Um homem, de 55 anos, foi abordado por um indiv\u00edduo armado com um rev\u00f3lver que anunciou o assaltou [&hellip;]<\/p>\n","protected":false},"author":96,"featured_media":95836,"comment_status":"closed","ping_status":"closed","sticky":false,"template":"","format":"standard","meta":{"footnotes":""},"categories":[301],"tags":[],"class_list":["post-123318","post","type-post","status-publish","format-standard","has-post-thumbnail","hentry","category-artigos-policiais"],"_links":{"self":[{"href":"https:\/\/diarioregionaldigital.com.br\/index.php?rest_route=\/wp\/v2\/posts\/123318","targetHints":{"allow":["GET"]}}],"collection":[{"href":"https:\/\/diarioregionaldigital.com.br\/index.php?rest_route=\/wp\/v2\/posts"}],"about":[{"href":"https:\/\/diarioregionaldigital.com.br\/index.php?rest_route=\/wp\/v2\/types\/post"}],"author":[{"embeddable":true,"href":"https:\/\/diarioregionaldigital.com.br\/index.php?rest_route=\/wp\/v2\/users\/96"}],"replies":[{"embeddable":true,"href":"https:\/\/diarioregionaldigital.com.br\/index.php?rest_route=%2Fwp%2Fv2%2Fcomments&post=123318"}],"version-history":[{"count":0,"href":"https:\/\/diarioregionaldigital.com.br\/index.php?rest_route=\/wp\/v2\/posts\/123318\/revisions"}],"wp:featuredmedia":[{"embeddable":true,"href":"https:\/\/diarioregionaldigital.com.br\/index.php?rest_route=\/wp\/v2\/media\/95836"}],"wp:attachment":[{"href":"https:\/\/diarioregionaldigital.com.br\/index.php?rest_route=%2Fwp%2Fv2%2Fmedia&parent=123318"}],"wp:term":[{"taxonomy":"category","embeddable":true,"href":"https:\/\/diarioregionaldigital.com.br\/index.php?rest_route=%2Fwp%2Fv2%2Fcategories&post=123318"},{"taxonomy":"post_tag","embeddable":true,"href":"https:\/\/diarioregionaldigital.com.br\/index.php?rest_route=%2Fwp%2Fv2%2Ftags&post=123318"}],"curies":[{"name":"wp","href":"https:\/\/api.w.org\/{rel}","templated":true}]}}