{"id":123317,"date":"2018-10-20T08:31:55","date_gmt":"2018-10-20T11:31:55","guid":{"rendered":"https:\/\/diarioregionaldigital.com.br\/?p=123317"},"modified":"2018-10-20T08:31:55","modified_gmt":"2018-10-20T11:31:55","slug":"policia-militar-apreende-jovem-por-trafico-de-drogas-em-jf","status":"publish","type":"post","link":"https:\/\/diarioregionaldigital.com.br\/?p=123317","title":{"rendered":"Pol\u00edcia Militar apreende jovem por tr\u00e1fico de drogas em JF"},"content":{"rendered":"<p>Nessa sexta-feira, 19, a Pol\u00edcia Militar prendeu um jovem, de 20 anos, e apreendeu um menor, de 16, por tr\u00e1fico de drogas no bairro Furtado de Menezes, regi\u00e3o Sudeste de Juiz de Fora. Os dois passavam pela Rua da F\u00e9 em uma moto, por volta das 21h, quando foram abordados por policiais militares. Os autores tentaram fugir pela contra-m\u00e3o de dire\u00e7\u00e3o da via e se desfazer de uma bolsa que continha drogas, mas acabaram colidindo com a viatura.<\/p>\n<p>Os autores foram encaminhados para a delegacia. A droga, cuja quantidade encontrada n\u00e3o foi informada pela PM, foi apreendida, assim como a motocicleta.<\/p>\n","protected":false},"excerpt":{"rendered":"<p>Nessa sexta-feira, 19, a Pol\u00edcia Militar prendeu um jovem, de 20 anos, e apreendeu um menor, de 16, por tr\u00e1fico de drogas no bairro Furtado de Menezes, regi\u00e3o Sudeste de Juiz de Fora. Os dois passavam pela Rua da F\u00e9 em uma moto, por volta das 21h, quando foram abordados por policiais militares. Os autores [&hellip;]<\/p>\n","protected":false},"author":96,"featured_media":95836,"comment_status":"closed","ping_status":"closed","sticky":false,"template":"","format":"standard","meta":{"footnotes":""},"categories":[301],"tags":[],"class_list":["post-123317","post","type-post","status-publish","format-standard","has-post-thumbnail","hentry","category-artigos-policiais"],"_links":{"self":[{"href":"https:\/\/diarioregionaldigital.com.br\/index.php?rest_route=\/wp\/v2\/posts\/123317","targetHints":{"allow":["GET"]}}],"collection":[{"href":"https:\/\/diarioregionaldigital.com.br\/index.php?rest_route=\/wp\/v2\/posts"}],"about":[{"href":"https:\/\/diarioregionaldigital.com.br\/index.php?rest_route=\/wp\/v2\/types\/post"}],"author":[{"embeddable":true,"href":"https:\/\/diarioregionaldigital.com.br\/index.php?rest_route=\/wp\/v2\/users\/96"}],"replies":[{"embeddable":true,"href":"https:\/\/diarioregionaldigital.com.br\/index.php?rest_route=%2Fwp%2Fv2%2Fcomments&post=123317"}],"version-history":[{"count":0,"href":"https:\/\/diarioregionaldigital.com.br\/index.php?rest_route=\/wp\/v2\/posts\/123317\/revisions"}],"wp:featuredmedia":[{"embeddable":true,"href":"https:\/\/diarioregionaldigital.com.br\/index.php?rest_route=\/wp\/v2\/media\/95836"}],"wp:attachment":[{"href":"https:\/\/diarioregionaldigital.com.br\/index.php?rest_route=%2Fwp%2Fv2%2Fmedia&parent=123317"}],"wp:term":[{"taxonomy":"category","embeddable":true,"href":"https:\/\/diarioregionaldigital.com.br\/index.php?rest_route=%2Fwp%2Fv2%2Fcategories&post=123317"},{"taxonomy":"post_tag","embeddable":true,"href":"https:\/\/diarioregionaldigital.com.br\/index.php?rest_route=%2Fwp%2Fv2%2Ftags&post=123317"}],"curies":[{"name":"wp","href":"https:\/\/api.w.org\/{rel}","templated":true}]}}