{"id":123289,"date":"2018-10-19T16:13:18","date_gmt":"2018-10-19T19:13:18","guid":{"rendered":"https:\/\/diarioregionaldigital.com.br\/?p=123289"},"modified":"2018-10-19T16:13:18","modified_gmt":"2018-10-19T19:13:18","slug":"prefeitura-divulga-resultado-da-primeira-fase-do-concurso-para-area-de-saude","status":"publish","type":"post","link":"https:\/\/diarioregionaldigital.com.br\/?p=123289","title":{"rendered":"Prefeitura divulga resultado da primeira fase do concurso para \u00e1rea de sa\u00fade"},"content":{"rendered":"<p>A Prefeitura de Juiz de Fora (PJF) divulgou nesta sexta-feira, 19, o resultado da prova objetiva do concurso p\u00fablico para a \u00e1rea de sa\u00fade (Edital 01\/2016). O documento foi publicado no Di\u00e1rio Oficial Eletr\u00f4nico do Munic\u00edpio (Atos do Governo) e cont\u00e9m a rela\u00e7\u00e3o dos candidatos que atingiram a nota prevista para a prova objetiva. O candidato poder\u00e1 consultar individualmente sua folha de respostas na op\u00e7\u00e3o \u201cVisualizar Folha de Respostas da Prova Objetiva\u201d, bem como o desempenho na etapa, atrav\u00e9s da op\u00e7\u00e3o \u201cBoletim de Desempenho da Prova Objetiva\u201d, j\u00e1 dispon\u00edveis no\u00a0<a href=\"http:\/\/aocp.com.br\/concurso.jsp?id=333\">site<\/a>\u00a0da empresa organizadora. O resultado pode ser conferido no\u00a0<a href=\"https:\/\/www.pjf.mg.gov.br\/e_atos\/e_atos_vis.php?id=64603\">www.pjf.mg.gov.br\/atos<\/a>. O prazo para eventuais interposi\u00e7\u00f5es de recursos ficar\u00e1 dispon\u00edvel da 0 hora de segunda-feira, 22, at\u00e9 as 23h59 da quarta-feira, 24.<\/p>\n<p>&nbsp;<\/p>\n<p>Fonte: Assessoria\/ PJF<\/p>\n","protected":false},"excerpt":{"rendered":"<p>A Prefeitura de Juiz de Fora (PJF) divulgou nesta sexta-feira, 19, o resultado da prova objetiva do concurso p\u00fablico para a \u00e1rea de sa\u00fade (Edital 01\/2016). O documento foi publicado no Di\u00e1rio Oficial Eletr\u00f4nico do Munic\u00edpio (Atos do Governo) e cont\u00e9m a rela\u00e7\u00e3o dos candidatos que atingiram a nota prevista para a prova objetiva. O [&hellip;]<\/p>\n","protected":false},"author":96,"featured_media":105904,"comment_status":"closed","ping_status":"closed","sticky":false,"template":"","format":"standard","meta":{"footnotes":""},"categories":[253,439],"tags":[],"class_list":["post-123289","post","type-post","status-publish","format-standard","has-post-thumbnail","hentry","category-cidade","category-ultima-hora"],"_links":{"self":[{"href":"https:\/\/diarioregionaldigital.com.br\/index.php?rest_route=\/wp\/v2\/posts\/123289","targetHints":{"allow":["GET"]}}],"collection":[{"href":"https:\/\/diarioregionaldigital.com.br\/index.php?rest_route=\/wp\/v2\/posts"}],"about":[{"href":"https:\/\/diarioregionaldigital.com.br\/index.php?rest_route=\/wp\/v2\/types\/post"}],"author":[{"embeddable":true,"href":"https:\/\/diarioregionaldigital.com.br\/index.php?rest_route=\/wp\/v2\/users\/96"}],"replies":[{"embeddable":true,"href":"https:\/\/diarioregionaldigital.com.br\/index.php?rest_route=%2Fwp%2Fv2%2Fcomments&post=123289"}],"version-history":[{"count":0,"href":"https:\/\/diarioregionaldigital.com.br\/index.php?rest_route=\/wp\/v2\/posts\/123289\/revisions"}],"wp:featuredmedia":[{"embeddable":true,"href":"https:\/\/diarioregionaldigital.com.br\/index.php?rest_route=\/wp\/v2\/media\/105904"}],"wp:attachment":[{"href":"https:\/\/diarioregionaldigital.com.br\/index.php?rest_route=%2Fwp%2Fv2%2Fmedia&parent=123289"}],"wp:term":[{"taxonomy":"category","embeddable":true,"href":"https:\/\/diarioregionaldigital.com.br\/index.php?rest_route=%2Fwp%2Fv2%2Fcategories&post=123289"},{"taxonomy":"post_tag","embeddable":true,"href":"https:\/\/diarioregionaldigital.com.br\/index.php?rest_route=%2Fwp%2Fv2%2Ftags&post=123289"}],"curies":[{"name":"wp","href":"https:\/\/api.w.org\/{rel}","templated":true}]}}